{"id":2854,"date":"2021-07-01T18:22:24","date_gmt":"2021-07-01T16:22:24","guid":{"rendered":"https:\/\/www.mirabel-aux-baronnies.fr\/s2\/?p=2854"},"modified":"2025-05-13T09:19:33","modified_gmt":"2025-05-13T07:19:33","slug":"info-centre-de-protection-maternelle-et-infantile-pmi-nyons","status":"publish","type":"post","link":"https:\/\/www.mirabel-aux-baronnies.fr\/s2\/2021\/07\/01\/info-centre-de-protection-maternelle-et-infantile-pmi-nyons\/","title":{"rendered":"Info: Centre de protection maternelle et infantile (PMI) &#8211; Nyons"},"content":{"rendered":"\n<p class=\"has-text-align-center\">A partir de ce jour, le Centre M\u00e9dico-social de Nyons\u00a0est de nouveau ouvert du<br><strong>lundi au vendredi, de 9h \u00e0 12h<\/strong> et de <strong>14h \u00e0 17h<\/strong>,<br><strong><span class=\"has-inline-color has-vivid-red-color\">ferm\u00e9 le mardi apr\u00e8s-midi<\/span>.<\/strong><br><br>3 Place Roumanille, 26110 Nyons<br>04 81 58 12 50<\/p>\n\n\n\n<div class=\"wp-block-image\"><figure class=\"aligncenter size-full\"><img fetchpriority=\"high\" decoding=\"async\" width=\"508\" height=\"500\" src=\"https:\/\/www.mirabel-aux-baronnies.fr\/s2\/wp-content\/uploads\/2021\/07\/logo-pmi.png\" alt=\"\" class=\"wp-image-2856\"\/><\/figure><\/div>\n","protected":false},"excerpt":{"rendered":"<p>A partir de ce jour, le Centre M\u00e9dico-social de Nyons\u00a0est de nouveau ouvert dulundi au vendredi, de 9h \u00e0 12h et de 14h \u00e0 17h,ferm\u00e9 le mardi apr\u00e8s-midi. 3 Place Roumanille, 26110 Nyons04 81 58 12 50<\/p>\n","protected":false},"author":3,"featured_media":2856,"comment_status":"closed","ping_status":"open","sticky":false,"template":"","format":"standard","meta":{"footnotes":""},"categories":[54],"tags":[90],"class_list":["post-2854","post","type-post","status-publish","format-standard","has-post-thumbnail","hentry","category-actualites","tag-informations"],"yoast_head":"<!-- This site is optimized with the Yoast SEO plugin v27.3 - https:\/\/yoast.com\/product\/yoast-seo-wordpress\/ -->\n<title>Info: Centre de protection maternelle et infantile (PMI) - Nyons - Mirabel aux Baronnies<\/title>\n<meta name=\"robots\" content=\"noindex, follow\" \/>\n<meta property=\"og:locale\" content=\"fr_FR\" \/>\n<meta property=\"og:type\" content=\"article\" \/>\n<meta property=\"og:title\" content=\"Info: Centre de protection maternelle et infantile (PMI) - Nyons - Mirabel aux Baronnies\" \/>\n<meta property=\"og:description\" content=\"A partir de ce jour, le Centre M\u00e9dico-social de Nyons\u00a0est de nouveau ouvert dulundi au vendredi, de 9h \u00e0 12h et de 14h \u00e0 17h,ferm\u00e9 le mardi apr\u00e8s-midi. 3 Place Roumanille, 26110 Nyons04 81 58 12 50\" \/>\n<meta property=\"og:url\" content=\"https:\/\/www.mirabel-aux-baronnies.fr\/s2\/2021\/07\/01\/info-centre-de-protection-maternelle-et-infantile-pmi-nyons\/\" \/>\n<meta property=\"og:site_name\" content=\"Mirabel aux Baronnies\" \/>\n<meta property=\"article:publisher\" content=\"https:\/\/www.facebook.com\/mairiedemirabelauxbaronnies\/\" \/>\n<meta property=\"article:published_time\" content=\"2021-07-01T16:22:24+00:00\" \/>\n<meta property=\"article:modified_time\" content=\"2025-05-13T07:19:33+00:00\" \/>\n<meta property=\"og:image\" content=\"https:\/\/www.mirabel-aux-baronnies.fr\/s2\/wp-content\/uploads\/2021\/07\/logo-pmi.png\" \/>\n\t<meta property=\"og:image:width\" content=\"508\" \/>\n\t<meta property=\"og:image:height\" content=\"500\" \/>\n\t<meta property=\"og:image:type\" content=\"image\/png\" \/>\n<meta name=\"author\" content=\"Sabine Adrien\" \/>\n<meta name=\"twitter:card\" content=\"summary_large_image\" \/>\n<meta name=\"twitter:label1\" content=\"\u00c9crit par\" \/>\n\t<meta name=\"twitter:data1\" content=\"Sabine Adrien\" \/>\n\t<meta name=\"twitter:label2\" content=\"Dur\u00e9e de lecture estim\u00e9e\" \/>\n\t<meta name=\"twitter:data2\" content=\"1 minute\" \/>\n<script type=\"application\/ld+json\" class=\"yoast-schema-graph\">{\"@context\":\"https:\\\/\\\/schema.org\",\"@graph\":[{\"@type\":\"Article\",\"@id\":\"https:\\\/\\\/www.mirabel-aux-baronnies.fr\\\/s2\\\/2021\\\/07\\\/01\\\/info-centre-de-protection-maternelle-et-infantile-pmi-nyons\\\/#article\",\"isPartOf\":{\"@id\":\"https:\\\/\\\/www.mirabel-aux-baronnies.fr\\\/s2\\\/2021\\\/07\\\/01\\\/info-centre-de-protection-maternelle-et-infantile-pmi-nyons\\\/\"},\"author\":{\"name\":\"Sabine Adrien\",\"@id\":\"https:\\\/\\\/www.mirabel-aux-baronnies.fr\\\/s2\\\/#\\\/schema\\\/person\\\/b92616550f92addbe9ee408ffdff89fa\"},\"headline\":\"Info: Centre de protection maternelle et infantile (PMI) &#8211; Nyons\",\"datePublished\":\"2021-07-01T16:22:24+00:00\",\"dateModified\":\"2025-05-13T07:19:33+00:00\",\"mainEntityOfPage\":{\"@id\":\"https:\\\/\\\/www.mirabel-aux-baronnies.fr\\\/s2\\\/2021\\\/07\\\/01\\\/info-centre-de-protection-maternelle-et-infantile-pmi-nyons\\\/\"},\"wordCount\":44,\"publisher\":{\"@id\":\"https:\\\/\\\/www.mirabel-aux-baronnies.fr\\\/s2\\\/#organization\"},\"image\":{\"@id\":\"https:\\\/\\\/www.mirabel-aux-baronnies.fr\\\/s2\\\/2021\\\/07\\\/01\\\/info-centre-de-protection-maternelle-et-infantile-pmi-nyons\\\/#primaryimage\"},\"thumbnailUrl\":\"https:\\\/\\\/www.mirabel-aux-baronnies.fr\\\/s2\\\/wp-content\\\/uploads\\\/2021\\\/07\\\/logo-pmi.png\",\"keywords\":[\"informations\"],\"articleSection\":[\"Actualit\u00e9s\"],\"inLanguage\":\"fr-FR\"},{\"@type\":\"WebPage\",\"@id\":\"https:\\\/\\\/www.mirabel-aux-baronnies.fr\\\/s2\\\/2021\\\/07\\\/01\\\/info-centre-de-protection-maternelle-et-infantile-pmi-nyons\\\/\",\"url\":\"https:\\\/\\\/www.mirabel-aux-baronnies.fr\\\/s2\\\/2021\\\/07\\\/01\\\/info-centre-de-protection-maternelle-et-infantile-pmi-nyons\\\/\",\"name\":\"Info: Centre de protection maternelle et infantile (PMI) - Nyons - Mirabel aux Baronnies\",\"isPartOf\":{\"@id\":\"https:\\\/\\\/www.mirabel-aux-baronnies.fr\\\/s2\\\/#website\"},\"primaryImageOfPage\":{\"@id\":\"https:\\\/\\\/www.mirabel-aux-baronnies.fr\\\/s2\\\/2021\\\/07\\\/01\\\/info-centre-de-protection-maternelle-et-infantile-pmi-nyons\\\/#primaryimage\"},\"image\":{\"@id\":\"https:\\\/\\\/www.mirabel-aux-baronnies.fr\\\/s2\\\/2021\\\/07\\\/01\\\/info-centre-de-protection-maternelle-et-infantile-pmi-nyons\\\/#primaryimage\"},\"thumbnailUrl\":\"https:\\\/\\\/www.mirabel-aux-baronnies.fr\\\/s2\\\/wp-content\\\/uploads\\\/2021\\\/07\\\/logo-pmi.png\",\"datePublished\":\"2021-07-01T16:22:24+00:00\",\"dateModified\":\"2025-05-13T07:19:33+00:00\",\"inLanguage\":\"fr-FR\",\"potentialAction\":[{\"@type\":\"ReadAction\",\"target\":[\"https:\\\/\\\/www.mirabel-aux-baronnies.fr\\\/s2\\\/2021\\\/07\\\/01\\\/info-centre-de-protection-maternelle-et-infantile-pmi-nyons\\\/\"]}]},{\"@type\":\"ImageObject\",\"inLanguage\":\"fr-FR\",\"@id\":\"https:\\\/\\\/www.mirabel-aux-baronnies.fr\\\/s2\\\/2021\\\/07\\\/01\\\/info-centre-de-protection-maternelle-et-infantile-pmi-nyons\\\/#primaryimage\",\"url\":\"https:\\\/\\\/www.mirabel-aux-baronnies.fr\\\/s2\\\/wp-content\\\/uploads\\\/2021\\\/07\\\/logo-pmi.png\",\"contentUrl\":\"https:\\\/\\\/www.mirabel-aux-baronnies.fr\\\/s2\\\/wp-content\\\/uploads\\\/2021\\\/07\\\/logo-pmi.png\",\"width\":508,\"height\":500},{\"@type\":\"WebSite\",\"@id\":\"https:\\\/\\\/www.mirabel-aux-baronnies.fr\\\/s2\\\/#website\",\"url\":\"https:\\\/\\\/www.mirabel-aux-baronnies.fr\\\/s2\\\/\",\"name\":\"Mirabel aux Baronnies\",\"description\":\"Site officiel de la mairie de Mirabel-aux-Baronnies\",\"publisher\":{\"@id\":\"https:\\\/\\\/www.mirabel-aux-baronnies.fr\\\/s2\\\/#organization\"},\"alternateName\":\"Mirabel-aux-Baronnies\",\"potentialAction\":[{\"@type\":\"SearchAction\",\"target\":{\"@type\":\"EntryPoint\",\"urlTemplate\":\"https:\\\/\\\/www.mirabel-aux-baronnies.fr\\\/s2\\\/?s={search_term_string}\"},\"query-input\":{\"@type\":\"PropertyValueSpecification\",\"valueRequired\":true,\"valueName\":\"search_term_string\"}}],\"inLanguage\":\"fr-FR\"},{\"@type\":\"Organization\",\"@id\":\"https:\\\/\\\/www.mirabel-aux-baronnies.fr\\\/s2\\\/#organization\",\"name\":\"Mirabel aux Baronnies\",\"alternateName\":\"Mirabel-aux-Baronnies\",\"url\":\"https:\\\/\\\/www.mirabel-aux-baronnies.fr\\\/s2\\\/\",\"logo\":{\"@type\":\"ImageObject\",\"inLanguage\":\"fr-FR\",\"@id\":\"https:\\\/\\\/www.mirabel-aux-baronnies.fr\\\/s2\\\/#\\\/schema\\\/logo\\\/image\\\/\",\"url\":\"https:\\\/\\\/www.mirabel-aux-baronnies.fr\\\/s2\\\/wp-content\\\/uploads\\\/2024\\\/01\\\/mirabel11.jpg\",\"contentUrl\":\"https:\\\/\\\/www.mirabel-aux-baronnies.fr\\\/s2\\\/wp-content\\\/uploads\\\/2024\\\/01\\\/mirabel11.jpg\",\"width\":610,\"height\":374,\"caption\":\"Mirabel aux Baronnies\"},\"image\":{\"@id\":\"https:\\\/\\\/www.mirabel-aux-baronnies.fr\\\/s2\\\/#\\\/schema\\\/logo\\\/image\\\/\"},\"sameAs\":[\"https:\\\/\\\/www.facebook.com\\\/mairiedemirabelauxbaronnies\\\/\"]},{\"@type\":\"Person\",\"@id\":\"https:\\\/\\\/www.mirabel-aux-baronnies.fr\\\/s2\\\/#\\\/schema\\\/person\\\/b92616550f92addbe9ee408ffdff89fa\",\"name\":\"Sabine Adrien\",\"image\":{\"@type\":\"ImageObject\",\"inLanguage\":\"fr-FR\",\"@id\":\"https:\\\/\\\/secure.gravatar.com\\\/avatar\\\/801f8e124f8bed5af931928151507ab05e8aaf1216e6ae180a9fc461a9ab15bf?s=96&d=identicon&r=g\",\"url\":\"https:\\\/\\\/secure.gravatar.com\\\/avatar\\\/801f8e124f8bed5af931928151507ab05e8aaf1216e6ae180a9fc461a9ab15bf?s=96&d=identicon&r=g\",\"contentUrl\":\"https:\\\/\\\/secure.gravatar.com\\\/avatar\\\/801f8e124f8bed5af931928151507ab05e8aaf1216e6ae180a9fc461a9ab15bf?s=96&d=identicon&r=g\",\"caption\":\"Sabine Adrien\"}}]}<\/script>\n<!-- \/ Yoast SEO plugin. -->","yoast_head_json":{"title":"Info: Centre de protection maternelle et infantile (PMI) - Nyons - Mirabel aux Baronnies","robots":{"index":"noindex","follow":"follow"},"og_locale":"fr_FR","og_type":"article","og_title":"Info: Centre de protection maternelle et infantile (PMI) - Nyons - Mirabel aux Baronnies","og_description":"A partir de ce jour, le Centre M\u00e9dico-social de Nyons\u00a0est de nouveau ouvert dulundi au vendredi, de 9h \u00e0 12h et de 14h \u00e0 17h,ferm\u00e9 le mardi apr\u00e8s-midi. 3 Place Roumanille, 26110 Nyons04 81 58 12 50","og_url":"https:\/\/www.mirabel-aux-baronnies.fr\/s2\/2021\/07\/01\/info-centre-de-protection-maternelle-et-infantile-pmi-nyons\/","og_site_name":"Mirabel aux Baronnies","article_publisher":"https:\/\/www.facebook.com\/mairiedemirabelauxbaronnies\/","article_published_time":"2021-07-01T16:22:24+00:00","article_modified_time":"2025-05-13T07:19:33+00:00","og_image":[{"width":508,"height":500,"url":"https:\/\/www.mirabel-aux-baronnies.fr\/s2\/wp-content\/uploads\/2021\/07\/logo-pmi.png","type":"image\/png"}],"author":"Sabine Adrien","twitter_card":"summary_large_image","twitter_misc":{"\u00c9crit par":"Sabine Adrien","Dur\u00e9e de lecture estim\u00e9e":"1 minute"},"schema":{"@context":"https:\/\/schema.org","@graph":[{"@type":"Article","@id":"https:\/\/www.mirabel-aux-baronnies.fr\/s2\/2021\/07\/01\/info-centre-de-protection-maternelle-et-infantile-pmi-nyons\/#article","isPartOf":{"@id":"https:\/\/www.mirabel-aux-baronnies.fr\/s2\/2021\/07\/01\/info-centre-de-protection-maternelle-et-infantile-pmi-nyons\/"},"author":{"name":"Sabine Adrien","@id":"https:\/\/www.mirabel-aux-baronnies.fr\/s2\/#\/schema\/person\/b92616550f92addbe9ee408ffdff89fa"},"headline":"Info: Centre de protection maternelle et infantile (PMI) &#8211; Nyons","datePublished":"2021-07-01T16:22:24+00:00","dateModified":"2025-05-13T07:19:33+00:00","mainEntityOfPage":{"@id":"https:\/\/www.mirabel-aux-baronnies.fr\/s2\/2021\/07\/01\/info-centre-de-protection-maternelle-et-infantile-pmi-nyons\/"},"wordCount":44,"publisher":{"@id":"https:\/\/www.mirabel-aux-baronnies.fr\/s2\/#organization"},"image":{"@id":"https:\/\/www.mirabel-aux-baronnies.fr\/s2\/2021\/07\/01\/info-centre-de-protection-maternelle-et-infantile-pmi-nyons\/#primaryimage"},"thumbnailUrl":"https:\/\/www.mirabel-aux-baronnies.fr\/s2\/wp-content\/uploads\/2021\/07\/logo-pmi.png","keywords":["informations"],"articleSection":["Actualit\u00e9s"],"inLanguage":"fr-FR"},{"@type":"WebPage","@id":"https:\/\/www.mirabel-aux-baronnies.fr\/s2\/2021\/07\/01\/info-centre-de-protection-maternelle-et-infantile-pmi-nyons\/","url":"https:\/\/www.mirabel-aux-baronnies.fr\/s2\/2021\/07\/01\/info-centre-de-protection-maternelle-et-infantile-pmi-nyons\/","name":"Info: Centre de protection maternelle et infantile (PMI) - Nyons - Mirabel aux Baronnies","isPartOf":{"@id":"https:\/\/www.mirabel-aux-baronnies.fr\/s2\/#website"},"primaryImageOfPage":{"@id":"https:\/\/www.mirabel-aux-baronnies.fr\/s2\/2021\/07\/01\/info-centre-de-protection-maternelle-et-infantile-pmi-nyons\/#primaryimage"},"image":{"@id":"https:\/\/www.mirabel-aux-baronnies.fr\/s2\/2021\/07\/01\/info-centre-de-protection-maternelle-et-infantile-pmi-nyons\/#primaryimage"},"thumbnailUrl":"https:\/\/www.mirabel-aux-baronnies.fr\/s2\/wp-content\/uploads\/2021\/07\/logo-pmi.png","datePublished":"2021-07-01T16:22:24+00:00","dateModified":"2025-05-13T07:19:33+00:00","inLanguage":"fr-FR","potentialAction":[{"@type":"ReadAction","target":["https:\/\/www.mirabel-aux-baronnies.fr\/s2\/2021\/07\/01\/info-centre-de-protection-maternelle-et-infantile-pmi-nyons\/"]}]},{"@type":"ImageObject","inLanguage":"fr-FR","@id":"https:\/\/www.mirabel-aux-baronnies.fr\/s2\/2021\/07\/01\/info-centre-de-protection-maternelle-et-infantile-pmi-nyons\/#primaryimage","url":"https:\/\/www.mirabel-aux-baronnies.fr\/s2\/wp-content\/uploads\/2021\/07\/logo-pmi.png","contentUrl":"https:\/\/www.mirabel-aux-baronnies.fr\/s2\/wp-content\/uploads\/2021\/07\/logo-pmi.png","width":508,"height":500},{"@type":"WebSite","@id":"https:\/\/www.mirabel-aux-baronnies.fr\/s2\/#website","url":"https:\/\/www.mirabel-aux-baronnies.fr\/s2\/","name":"Mirabel aux Baronnies","description":"Site officiel de la mairie de Mirabel-aux-Baronnies","publisher":{"@id":"https:\/\/www.mirabel-aux-baronnies.fr\/s2\/#organization"},"alternateName":"Mirabel-aux-Baronnies","potentialAction":[{"@type":"SearchAction","target":{"@type":"EntryPoint","urlTemplate":"https:\/\/www.mirabel-aux-baronnies.fr\/s2\/?s={search_term_string}"},"query-input":{"@type":"PropertyValueSpecification","valueRequired":true,"valueName":"search_term_string"}}],"inLanguage":"fr-FR"},{"@type":"Organization","@id":"https:\/\/www.mirabel-aux-baronnies.fr\/s2\/#organization","name":"Mirabel aux Baronnies","alternateName":"Mirabel-aux-Baronnies","url":"https:\/\/www.mirabel-aux-baronnies.fr\/s2\/","logo":{"@type":"ImageObject","inLanguage":"fr-FR","@id":"https:\/\/www.mirabel-aux-baronnies.fr\/s2\/#\/schema\/logo\/image\/","url":"https:\/\/www.mirabel-aux-baronnies.fr\/s2\/wp-content\/uploads\/2024\/01\/mirabel11.jpg","contentUrl":"https:\/\/www.mirabel-aux-baronnies.fr\/s2\/wp-content\/uploads\/2024\/01\/mirabel11.jpg","width":610,"height":374,"caption":"Mirabel aux Baronnies"},"image":{"@id":"https:\/\/www.mirabel-aux-baronnies.fr\/s2\/#\/schema\/logo\/image\/"},"sameAs":["https:\/\/www.facebook.com\/mairiedemirabelauxbaronnies\/"]},{"@type":"Person","@id":"https:\/\/www.mirabel-aux-baronnies.fr\/s2\/#\/schema\/person\/b92616550f92addbe9ee408ffdff89fa","name":"Sabine Adrien","image":{"@type":"ImageObject","inLanguage":"fr-FR","@id":"https:\/\/secure.gravatar.com\/avatar\/801f8e124f8bed5af931928151507ab05e8aaf1216e6ae180a9fc461a9ab15bf?s=96&d=identicon&r=g","url":"https:\/\/secure.gravatar.com\/avatar\/801f8e124f8bed5af931928151507ab05e8aaf1216e6ae180a9fc461a9ab15bf?s=96&d=identicon&r=g","contentUrl":"https:\/\/secure.gravatar.com\/avatar\/801f8e124f8bed5af931928151507ab05e8aaf1216e6ae180a9fc461a9ab15bf?s=96&d=identicon&r=g","caption":"Sabine Adrien"}}]}},"publishpress_future_action":{"enabled":false,"date":"2026-05-05 15:25:06","action":"change-status","newStatus":"draft","terms":[],"taxonomy":"category","extraData":[]},"publishpress_future_workflow_manual_trigger":{"enabledWorkflows":[]},"rttpg_featured_image_url":{"full":["https:\/\/www.mirabel-aux-baronnies.fr\/s2\/wp-content\/uploads\/2021\/07\/logo-pmi.png",508,500,false],"landscape":["https:\/\/www.mirabel-aux-baronnies.fr\/s2\/wp-content\/uploads\/2021\/07\/logo-pmi.png",508,500,false],"portraits":["https:\/\/www.mirabel-aux-baronnies.fr\/s2\/wp-content\/uploads\/2021\/07\/logo-pmi.png",508,500,false],"thumbnail":["https:\/\/www.mirabel-aux-baronnies.fr\/s2\/wp-content\/uploads\/2021\/07\/logo-pmi-150x150.png",150,150,true],"medium":["https:\/\/www.mirabel-aux-baronnies.fr\/s2\/wp-content\/uploads\/2021\/07\/logo-pmi-300x300.png",300,300,true],"large":["https:\/\/www.mirabel-aux-baronnies.fr\/s2\/wp-content\/uploads\/2021\/07\/logo-pmi.png",508,500,false],"1536x1536":["https:\/\/www.mirabel-aux-baronnies.fr\/s2\/wp-content\/uploads\/2021\/07\/logo-pmi.png",508,500,false],"2048x2048":["https:\/\/www.mirabel-aux-baronnies.fr\/s2\/wp-content\/uploads\/2021\/07\/logo-pmi.png",508,500,false],"post-thumbnail":["https:\/\/www.mirabel-aux-baronnies.fr\/s2\/wp-content\/uploads\/2021\/07\/logo-pmi-280x180.png",280,180,true],"psacp-medium":["https:\/\/www.mirabel-aux-baronnies.fr\/s2\/wp-content\/uploads\/2021\/07\/logo-pmi.png",500,492,false]},"rttpg_author":{"display_name":"Sabine Adrien","author_link":"https:\/\/www.mirabel-aux-baronnies.fr\/s2\/author\/sabine\/"},"rttpg_comment":0,"rttpg_category":"<a href=\"https:\/\/www.mirabel-aux-baronnies.fr\/s2\/category\/actualites\/\" rel=\"category tag\">Actualit\u00e9s<\/a>","rttpg_excerpt":"A partir de ce jour, le Centre M\u00e9dico-social de Nyons\u00a0est de nouveau ouvert dulundi au vendredi, de 9h \u00e0 12h et de 14h \u00e0 17h,ferm\u00e9 le mardi apr\u00e8s-midi. 3 Place Roumanille, 26110 Nyons04 81 58 12 50","_links":{"self":[{"href":"https:\/\/www.mirabel-aux-baronnies.fr\/s2\/wp-json\/wp\/v2\/posts\/2854","targetHints":{"allow":["GET"]}}],"collection":[{"href":"https:\/\/www.mirabel-aux-baronnies.fr\/s2\/wp-json\/wp\/v2\/posts"}],"about":[{"href":"https:\/\/www.mirabel-aux-baronnies.fr\/s2\/wp-json\/wp\/v2\/types\/post"}],"author":[{"embeddable":true,"href":"https:\/\/www.mirabel-aux-baronnies.fr\/s2\/wp-json\/wp\/v2\/users\/3"}],"replies":[{"embeddable":true,"href":"https:\/\/www.mirabel-aux-baronnies.fr\/s2\/wp-json\/wp\/v2\/comments?post=2854"}],"version-history":[{"count":1,"href":"https:\/\/www.mirabel-aux-baronnies.fr\/s2\/wp-json\/wp\/v2\/posts\/2854\/revisions"}],"predecessor-version":[{"id":2857,"href":"https:\/\/www.mirabel-aux-baronnies.fr\/s2\/wp-json\/wp\/v2\/posts\/2854\/revisions\/2857"}],"wp:featuredmedia":[{"embeddable":true,"href":"https:\/\/www.mirabel-aux-baronnies.fr\/s2\/wp-json\/wp\/v2\/media\/2856"}],"wp:attachment":[{"href":"https:\/\/www.mirabel-aux-baronnies.fr\/s2\/wp-json\/wp\/v2\/media?parent=2854"}],"wp:term":[{"taxonomy":"category","embeddable":true,"href":"https:\/\/www.mirabel-aux-baronnies.fr\/s2\/wp-json\/wp\/v2\/categories?post=2854"},{"taxonomy":"post_tag","embeddable":true,"href":"https:\/\/www.mirabel-aux-baronnies.fr\/s2\/wp-json\/wp\/v2\/tags?post=2854"}],"curies":[{"name":"wp","href":"https:\/\/api.w.org\/{rel}","templated":true}]}}