{"id":5157,"date":"2023-02-27T11:56:25","date_gmt":"2023-02-27T10:56:25","guid":{"rendered":"https:\/\/www.mirabel-aux-baronnies.fr\/s2\/?p=5157"},"modified":"2024-01-23T13:50:53","modified_gmt":"2024-01-23T12:50:53","slug":"nouvelle-obligation-declarative-pour-les-proprietaires","status":"publish","type":"post","link":"https:\/\/www.mirabel-aux-baronnies.fr\/s2\/2023\/02\/27\/nouvelle-obligation-declarative-pour-les-proprietaires\/","title":{"rendered":"Nouvelle obligation d\u00e9clarative pour les propri\u00e9taires"},"content":{"rendered":"\n<p>Bonjour,<\/p>\n\n\n\n<p>Comme vous le savez, la taxe d\u2019habitation sur les r\u00e9sidences principales est supprim\u00e9e d\u00e8s 2023.<\/p>\n\n\n\n<p>Les taxes d\u2019habitation sur les r\u00e9sidences secondaires et sur les locaux vacants sont en revanche maintenues. Pour permettre \u00e0 l\u2019administration fiscale de bien identifier les logements concern\u00e9s par ces taxes qui subsistent, une nouvelle obligation d\u00e9clarative, inscrite \u00e0 l\u2019article 1418 du code g\u00e9n\u00e9ral des imp\u00f4ts, a \u00e9t\u00e9 mise en place. En tant que propri\u00e9taire, vous \u00eates concern\u00e9(e) par cette nouvelle obligation d\u00e9clarative. Ainsi, vous devez pour chacun de vos locaux (y compris les parkings, caves, etc.), nous indiquer \u00e0 quel titre vous les occupez et, quand vous ne les occupez pas vous-m\u00eames, l&rsquo;identit\u00e9 des occupants et la p\u00e9riode de leur occupation (situation au 1er janvier 2023).Afin de faciliter votre d\u00e9claration, les donn\u00e9es d\u2019occupation connues des services fiscaux sont pr\u00e9remplies.<\/p>\n\n\n\n<p>Il est important, m\u00eame en cas de pr\u00e9 remplissage, de vous assurer que les informations qui vous concernent sont justes. Dans le cas contraire, vous devez les corriger. Apr\u00e8s cette premi\u00e8re d\u00e9claration, seul un changement de situation n\u00e9cessitera une nouvelle d\u00e9claration de votre part. Vous avez\u00a0<strong>jusqu\u2019au 30 juin 2023<\/strong>\u00a0pour d\u00e9clarer la situation d\u2019occupation de vos biens, dans l\u2019onglet \u00ab\u00a0Biens immobiliers\u00a0\u00bb de votre espace s\u00e9curis\u00e9 sur le site\u00a0<a href=\"https:\/\/mibc-fr-08.mailinblack.com\/securelink\/?url=https:\/\/www.impots.gouv.fr&amp;key=eyJsYW5nIjoiRlIiLCJ1cmwiOiJodHRwczovL3d3dy5pbXBvdHMuZ291di5mci9hY2N1ZWlsIiwidG9rZW4iOiJnQUFBQUFCai1JUUk1SXotQUVQRm9hMGRnTDFBMVNsZGFuRVlfWmRUX1pWd1QxWEh4NlhyNXpQc2RxVEFIdzdZbGdqbXcybWNqa28tZk9TOW1tUHhGZ0ZuajhuVEQ5TDZlcTBFcGNFREdILWEwa1FtaEo1Tm9CWVd5Z1dxckZNYk1YcDgwdEV4LW85TTBidWpTYklmMTVoRFVxeTEwekU3eWVhQTZyTHJweDc5MWxPeG03YU52bTBPckk4c205QV9jTy1pVEVSdGk0S0taR2ZWOUtXb3JSVUFrUlluZGVKU0R1N05lMWhxeWhJQUVNSV8zbkp1WjhhX2pTaVhzLVhtUVdiRXNMbzhTdUVQZDBOenBXREUzb0RVVGNmUHd5SkpaZnRNd1dCckFrWG1ERWNMODJ5a0N6T19mdkp0OGtvMGJyMTh3TGt6eEVUSCJ9\" target=\"_blank\" rel=\"noreferrer noopener\">impots.gouv.fr<\/a>.<\/p>\n\n\n\n<p>Pour plus d\u2019informations, nous vous invitons \u00e0 consulter l\u2019espace \u00ab\u00a0<a href=\"https:\/\/mibc-fr-08.mailinblack.com\/securelink\/?url=https:\/\/www.impots.gouv.fr&amp;key=eyJsYW5nIjoiRlIiLCJ1cmwiOiJodHRwczovL3d3dy5pbXBvdHMuZ291di5mci9hY3R1YWxpdGUvZ2VyZXItbWVzLWJpZW5zLWltbW9iaWxpZXJzLXVuLW5vdXZlYXUtc2VydmljZS1lbi1saWduZS1wb3VyLWxlcy11c2FnZXJzLXByb3ByaWV0YWlyZXMiLCJ0b2tlbiI6ImdBQUFBQUJqLUlRSU5QdVhqbzZGdmNXZEsySndkSjhsUDBCeXo3ZmtBV0QwS3d0dFkzLXdWcFktX2llYVp2N29SUFBYRUlYUVI2NTIzNmxnX3ZDdVYyS2p3cWdWTEVFNVFNYnRKOGhRUlVLYmY1VlRNc2JZNFowTENkcHVCTkJ0Z3JLRDZ4MndQYmJXajVCRklOdzRQRXpIb3VRcVRjYkNWYmg4ZklucHIwVWl2eHdlLXlJSEd4bGN3eG1NRVFway0xOXRFOF9VdXd2eGtOUm1aUktoQUxzbTl0MlNSWUI4MXlLdFhEX1NoZ2N0b2xQQ0lDSkpmZ0diT3BhVDV5dWtYV0pRZnEtcGh1ZXYza283c0ZsclpZZ01ZRUhHYi1LRUY2WVRJT0lSSXEtRUJoSUN0OVJzNWZzelF2eTBNbDJaNmtSOUREUGgzamtFIn0=\" target=\"_blank\" rel=\"noreferrer noopener\">G\u00e9rer mes biens immobiliers<\/a>\u00a0\u00bb du site\u00a0<a href=\"https:\/\/mibc-fr-08.mailinblack.com\/securelink\/?url=https:\/\/www.impots.gouv.fr&amp;key=eyJsYW5nIjoiRlIiLCJ1cmwiOiJodHRwczovL3d3dy5pbXBvdHMuZ291di5mci9hY2N1ZWlsIiwidG9rZW4iOiJnQUFBQUFCai1JUUl0aTZuMnNoSEV6bXdsV1RuNHBDaEN6SlVlQTUwMnE1SDQxV3BOUlFWaVJGY3NKSlFKdXpNQllsNk00b3VQOURqTXJuTHNjcUt0elA4RXczazBNREh3a3dCbUJwNU1TdTA5YzRmbkFpUEtKdGZ4RF9rZ0phZFlqRFgyTEtSRWtEQWJ0MGY2Qm1OaDNVMjZNZVg3QkFITDU3Z2NvVnFGU05nNUJiWHlPWFktVGpyX1FtSGE1MF9yR3o0WkZHQnZNNFpMWmZxbHN0cHVZVGEtaUJzLUJCeW50bU9mVFBxb3NqTkJZVkdWWjRxS2xZLUVOaE15VnduSHJEdXZoS0E5b1lqNnBIT0w1Mm1YUWpZUTY5ZjRJaXd6TFA4LUdfbGFvbFVkdGxjV1haYWYxSUgtNXBJZGY4X0N5c0U1bE1KNENFQiJ9\" target=\"_blank\" rel=\"noreferrer noopener\">impots.gouv.fr<\/a>. En cas de besoin d\u2019assistance pour effectuer votre d\u00e9claration, vous pouvez appeler le 0 809 401 401 (service gratuit + prix d&rsquo;un appel), du lundi au vendredi de 8h30 \u00e0 19h, ou vous rendre directement dans le service des imp\u00f4ts ou dans l\u2019espace France services le plus proche de chez vous pour acc\u00e9der \u00e0 un ordinateur en libre service et b\u00e9n\u00e9ficier au besoin d\u2019un accompagnement personnalis\u00e9. Si vous avez d\u00e9j\u00e0 proc\u00e9d\u00e9 \u00e0 votre d\u00e9claration d\u2019occupation sur votre espace s\u00e9curis\u00e9 sur\u00a0<a href=\"https:\/\/mibc-fr-08.mailinblack.com\/securelink\/?url=https:\/\/www.impots.gouv.fr&amp;key=eyJsYW5nIjoiRlIiLCJ1cmwiOiJodHRwczovL3d3dy5pbXBvdHMuZ291di5mci9hY2N1ZWlsIiwidG9rZW4iOiJnQUFBQUFCai1JUUl3TWk4cy1NY0VUc1JTSEo3dFY3SUk2bDgzaUNycng5ejJmUlZKVFRudmFIUXpNRmFJTFFlZThhSDM0QVVzS1BQNGpMbWZmM3R6aUtiZmlXanFHLU5JUTB1a3dFR1dYRWRVSXg3cmd1QmdHZkxuZElzUFFBTW4xUGZNcjJab296SFdpNHJLWjJCMTlmRWd5Z2Y0eDZRUjBlc0ZhVW1maC1OUjd0UVhhX1Z1ZkFxeG1ra3FTaVFjVFFaN29fdHBLYzE1VlV2SGpKRnBEV3NmY3JVWjZoakJiMG1tcThCS0lqS21WbWNkX3lHb2NtTk91SVdMUmJvWkk1T3RqbnNEb1FuVF83Rm5Kc3BmblNXaDlkamlhSGV2OHhvSkVTbXBRNkJLemhBWW9NSlkyVjhQY2U1clJWZXBtcmctNkM0X2g3YyJ9\" target=\"_blank\" rel=\"noreferrer noopener\">impots.gouv.fr<\/a>, merci de ne pas tenir compte du pr\u00e9sent message.<\/p>\n\n\n\n<p><strong>La Direction g\u00e9n\u00e9rale des Finances publiques<\/strong><\/p>\n","protected":false},"excerpt":{"rendered":"<p>Comme vous le savez, la taxe d\u2019habitation sur les r\u00e9sidences principales est supprim\u00e9e d\u00e8s 2023.<br \/>\nLes taxes d\u2019habitation sur les r\u00e9sidences secondaires et sur les locaux vacants sont en revanche maintenues. Pour permettre \u00e0 l\u2019administration fiscale de bien identifier les logements concern\u00e9s par ces taxes qui subsistent, une nouvelle obligation d\u00e9clarative, inscrite \u00e0 l\u2019article 1418 du code g\u00e9n\u00e9ral des imp\u00f4ts, a \u00e9t\u00e9 mise en place.<\/p>\n","protected":false},"author":3,"featured_media":5159,"comment_status":"closed","ping_status":"open","sticky":false,"template":"","format":"standard","meta":{"footnotes":""},"categories":[54],"tags":[90],"class_list":["post-5157","post","type-post","status-publish","format-standard","has-post-thumbnail","hentry","category-actualites","tag-informations"],"yoast_head":"<!-- This site is optimized with the Yoast SEO plugin v27.3 - https:\/\/yoast.com\/product\/yoast-seo-wordpress\/ -->\n<title>Nouvelle obligation d\u00e9clarative pour les propri\u00e9taires - Mirabel aux Baronnies<\/title>\n<meta name=\"robots\" content=\"noindex, follow\" \/>\n<meta property=\"og:locale\" content=\"fr_FR\" \/>\n<meta property=\"og:type\" content=\"article\" \/>\n<meta property=\"og:title\" content=\"Nouvelle obligation d\u00e9clarative pour les propri\u00e9taires - Mirabel aux Baronnies\" \/>\n<meta property=\"og:description\" content=\"Comme vous le savez, la taxe d\u2019habitation sur les r\u00e9sidences principales est supprim\u00e9e d\u00e8s 2023. Les taxes d\u2019habitation sur les r\u00e9sidences secondaires et sur les locaux vacants sont en revanche maintenues. Pour permettre \u00e0 l\u2019administration fiscale de bien identifier les logements concern\u00e9s par ces taxes qui subsistent, une nouvelle obligation d\u00e9clarative, inscrite \u00e0 l\u2019article 1418 du code g\u00e9n\u00e9ral des imp\u00f4ts, a \u00e9t\u00e9 mise en place.\" \/>\n<meta property=\"og:url\" content=\"https:\/\/www.mirabel-aux-baronnies.fr\/s2\/2023\/02\/27\/nouvelle-obligation-declarative-pour-les-proprietaires\/\" \/>\n<meta property=\"og:site_name\" content=\"Mirabel aux Baronnies\" \/>\n<meta property=\"article:publisher\" content=\"https:\/\/www.facebook.com\/mairiedemirabelauxbaronnies\/\" \/>\n<meta property=\"article:published_time\" content=\"2023-02-27T10:56:25+00:00\" \/>\n<meta property=\"article:modified_time\" content=\"2024-01-23T12:50:53+00:00\" \/>\n<meta property=\"og:image\" content=\"https:\/\/www.mirabel-aux-baronnies.fr\/s2\/wp-content\/uploads\/2023\/02\/download.png\" \/>\n\t<meta property=\"og:image:width\" content=\"158\" \/>\n\t<meta property=\"og:image:height\" content=\"121\" \/>\n\t<meta property=\"og:image:type\" content=\"image\/png\" \/>\n<meta name=\"author\" content=\"Sabine Adrien\" \/>\n<meta name=\"twitter:card\" content=\"summary_large_image\" \/>\n<meta name=\"twitter:label1\" content=\"\u00c9crit par\" \/>\n\t<meta name=\"twitter:data1\" content=\"Sabine Adrien\" \/>\n\t<meta name=\"twitter:label2\" content=\"Dur\u00e9e de lecture estim\u00e9e\" \/>\n\t<meta name=\"twitter:data2\" content=\"2 minutes\" \/>\n<script type=\"application\/ld+json\" class=\"yoast-schema-graph\">{\"@context\":\"https:\\\/\\\/schema.org\",\"@graph\":[{\"@type\":\"Article\",\"@id\":\"https:\\\/\\\/www.mirabel-aux-baronnies.fr\\\/s2\\\/2023\\\/02\\\/27\\\/nouvelle-obligation-declarative-pour-les-proprietaires\\\/#article\",\"isPartOf\":{\"@id\":\"https:\\\/\\\/www.mirabel-aux-baronnies.fr\\\/s2\\\/2023\\\/02\\\/27\\\/nouvelle-obligation-declarative-pour-les-proprietaires\\\/\"},\"author\":{\"name\":\"Sabine Adrien\",\"@id\":\"https:\\\/\\\/www.mirabel-aux-baronnies.fr\\\/s2\\\/#\\\/schema\\\/person\\\/b92616550f92addbe9ee408ffdff89fa\"},\"headline\":\"Nouvelle obligation d\u00e9clarative pour les propri\u00e9taires\",\"datePublished\":\"2023-02-27T10:56:25+00:00\",\"dateModified\":\"2024-01-23T12:50:53+00:00\",\"mainEntityOfPage\":{\"@id\":\"https:\\\/\\\/www.mirabel-aux-baronnies.fr\\\/s2\\\/2023\\\/02\\\/27\\\/nouvelle-obligation-declarative-pour-les-proprietaires\\\/\"},\"wordCount\":367,\"publisher\":{\"@id\":\"https:\\\/\\\/www.mirabel-aux-baronnies.fr\\\/s2\\\/#organization\"},\"image\":{\"@id\":\"https:\\\/\\\/www.mirabel-aux-baronnies.fr\\\/s2\\\/2023\\\/02\\\/27\\\/nouvelle-obligation-declarative-pour-les-proprietaires\\\/#primaryimage\"},\"thumbnailUrl\":\"https:\\\/\\\/www.mirabel-aux-baronnies.fr\\\/s2\\\/wp-content\\\/uploads\\\/2023\\\/02\\\/download.png\",\"keywords\":[\"informations\"],\"articleSection\":[\"Actualit\u00e9s\"],\"inLanguage\":\"fr-FR\"},{\"@type\":\"WebPage\",\"@id\":\"https:\\\/\\\/www.mirabel-aux-baronnies.fr\\\/s2\\\/2023\\\/02\\\/27\\\/nouvelle-obligation-declarative-pour-les-proprietaires\\\/\",\"url\":\"https:\\\/\\\/www.mirabel-aux-baronnies.fr\\\/s2\\\/2023\\\/02\\\/27\\\/nouvelle-obligation-declarative-pour-les-proprietaires\\\/\",\"name\":\"Nouvelle obligation d\u00e9clarative pour les propri\u00e9taires - Mirabel aux Baronnies\",\"isPartOf\":{\"@id\":\"https:\\\/\\\/www.mirabel-aux-baronnies.fr\\\/s2\\\/#website\"},\"primaryImageOfPage\":{\"@id\":\"https:\\\/\\\/www.mirabel-aux-baronnies.fr\\\/s2\\\/2023\\\/02\\\/27\\\/nouvelle-obligation-declarative-pour-les-proprietaires\\\/#primaryimage\"},\"image\":{\"@id\":\"https:\\\/\\\/www.mirabel-aux-baronnies.fr\\\/s2\\\/2023\\\/02\\\/27\\\/nouvelle-obligation-declarative-pour-les-proprietaires\\\/#primaryimage\"},\"thumbnailUrl\":\"https:\\\/\\\/www.mirabel-aux-baronnies.fr\\\/s2\\\/wp-content\\\/uploads\\\/2023\\\/02\\\/download.png\",\"datePublished\":\"2023-02-27T10:56:25+00:00\",\"dateModified\":\"2024-01-23T12:50:53+00:00\",\"inLanguage\":\"fr-FR\",\"potentialAction\":[{\"@type\":\"ReadAction\",\"target\":[\"https:\\\/\\\/www.mirabel-aux-baronnies.fr\\\/s2\\\/2023\\\/02\\\/27\\\/nouvelle-obligation-declarative-pour-les-proprietaires\\\/\"]}]},{\"@type\":\"ImageObject\",\"inLanguage\":\"fr-FR\",\"@id\":\"https:\\\/\\\/www.mirabel-aux-baronnies.fr\\\/s2\\\/2023\\\/02\\\/27\\\/nouvelle-obligation-declarative-pour-les-proprietaires\\\/#primaryimage\",\"url\":\"https:\\\/\\\/www.mirabel-aux-baronnies.fr\\\/s2\\\/wp-content\\\/uploads\\\/2023\\\/02\\\/download.png\",\"contentUrl\":\"https:\\\/\\\/www.mirabel-aux-baronnies.fr\\\/s2\\\/wp-content\\\/uploads\\\/2023\\\/02\\\/download.png\",\"width\":158,\"height\":121},{\"@type\":\"WebSite\",\"@id\":\"https:\\\/\\\/www.mirabel-aux-baronnies.fr\\\/s2\\\/#website\",\"url\":\"https:\\\/\\\/www.mirabel-aux-baronnies.fr\\\/s2\\\/\",\"name\":\"Mirabel aux Baronnies\",\"description\":\"Site officiel de la mairie de Mirabel-aux-Baronnies\",\"publisher\":{\"@id\":\"https:\\\/\\\/www.mirabel-aux-baronnies.fr\\\/s2\\\/#organization\"},\"alternateName\":\"Mirabel-aux-Baronnies\",\"potentialAction\":[{\"@type\":\"SearchAction\",\"target\":{\"@type\":\"EntryPoint\",\"urlTemplate\":\"https:\\\/\\\/www.mirabel-aux-baronnies.fr\\\/s2\\\/?s={search_term_string}\"},\"query-input\":{\"@type\":\"PropertyValueSpecification\",\"valueRequired\":true,\"valueName\":\"search_term_string\"}}],\"inLanguage\":\"fr-FR\"},{\"@type\":\"Organization\",\"@id\":\"https:\\\/\\\/www.mirabel-aux-baronnies.fr\\\/s2\\\/#organization\",\"name\":\"Mirabel aux Baronnies\",\"alternateName\":\"Mirabel-aux-Baronnies\",\"url\":\"https:\\\/\\\/www.mirabel-aux-baronnies.fr\\\/s2\\\/\",\"logo\":{\"@type\":\"ImageObject\",\"inLanguage\":\"fr-FR\",\"@id\":\"https:\\\/\\\/www.mirabel-aux-baronnies.fr\\\/s2\\\/#\\\/schema\\\/logo\\\/image\\\/\",\"url\":\"https:\\\/\\\/www.mirabel-aux-baronnies.fr\\\/s2\\\/wp-content\\\/uploads\\\/2024\\\/01\\\/mirabel11.jpg\",\"contentUrl\":\"https:\\\/\\\/www.mirabel-aux-baronnies.fr\\\/s2\\\/wp-content\\\/uploads\\\/2024\\\/01\\\/mirabel11.jpg\",\"width\":610,\"height\":374,\"caption\":\"Mirabel aux Baronnies\"},\"image\":{\"@id\":\"https:\\\/\\\/www.mirabel-aux-baronnies.fr\\\/s2\\\/#\\\/schema\\\/logo\\\/image\\\/\"},\"sameAs\":[\"https:\\\/\\\/www.facebook.com\\\/mairiedemirabelauxbaronnies\\\/\"]},{\"@type\":\"Person\",\"@id\":\"https:\\\/\\\/www.mirabel-aux-baronnies.fr\\\/s2\\\/#\\\/schema\\\/person\\\/b92616550f92addbe9ee408ffdff89fa\",\"name\":\"Sabine Adrien\",\"image\":{\"@type\":\"ImageObject\",\"inLanguage\":\"fr-FR\",\"@id\":\"https:\\\/\\\/secure.gravatar.com\\\/avatar\\\/801f8e124f8bed5af931928151507ab05e8aaf1216e6ae180a9fc461a9ab15bf?s=96&d=identicon&r=g\",\"url\":\"https:\\\/\\\/secure.gravatar.com\\\/avatar\\\/801f8e124f8bed5af931928151507ab05e8aaf1216e6ae180a9fc461a9ab15bf?s=96&d=identicon&r=g\",\"contentUrl\":\"https:\\\/\\\/secure.gravatar.com\\\/avatar\\\/801f8e124f8bed5af931928151507ab05e8aaf1216e6ae180a9fc461a9ab15bf?s=96&d=identicon&r=g\",\"caption\":\"Sabine Adrien\"}}]}<\/script>\n<!-- \/ Yoast SEO plugin. -->","yoast_head_json":{"title":"Nouvelle obligation d\u00e9clarative pour les propri\u00e9taires - Mirabel aux Baronnies","robots":{"index":"noindex","follow":"follow"},"og_locale":"fr_FR","og_type":"article","og_title":"Nouvelle obligation d\u00e9clarative pour les propri\u00e9taires - Mirabel aux Baronnies","og_description":"Comme vous le savez, la taxe d\u2019habitation sur les r\u00e9sidences principales est supprim\u00e9e d\u00e8s 2023. Les taxes d\u2019habitation sur les r\u00e9sidences secondaires et sur les locaux vacants sont en revanche maintenues. Pour permettre \u00e0 l\u2019administration fiscale de bien identifier les logements concern\u00e9s par ces taxes qui subsistent, une nouvelle obligation d\u00e9clarative, inscrite \u00e0 l\u2019article 1418 du code g\u00e9n\u00e9ral des imp\u00f4ts, a \u00e9t\u00e9 mise en place.","og_url":"https:\/\/www.mirabel-aux-baronnies.fr\/s2\/2023\/02\/27\/nouvelle-obligation-declarative-pour-les-proprietaires\/","og_site_name":"Mirabel aux Baronnies","article_publisher":"https:\/\/www.facebook.com\/mairiedemirabelauxbaronnies\/","article_published_time":"2023-02-27T10:56:25+00:00","article_modified_time":"2024-01-23T12:50:53+00:00","og_image":[{"width":158,"height":121,"url":"https:\/\/www.mirabel-aux-baronnies.fr\/s2\/wp-content\/uploads\/2023\/02\/download.png","type":"image\/png"}],"author":"Sabine Adrien","twitter_card":"summary_large_image","twitter_misc":{"\u00c9crit par":"Sabine Adrien","Dur\u00e9e de lecture estim\u00e9e":"2 minutes"},"schema":{"@context":"https:\/\/schema.org","@graph":[{"@type":"Article","@id":"https:\/\/www.mirabel-aux-baronnies.fr\/s2\/2023\/02\/27\/nouvelle-obligation-declarative-pour-les-proprietaires\/#article","isPartOf":{"@id":"https:\/\/www.mirabel-aux-baronnies.fr\/s2\/2023\/02\/27\/nouvelle-obligation-declarative-pour-les-proprietaires\/"},"author":{"name":"Sabine Adrien","@id":"https:\/\/www.mirabel-aux-baronnies.fr\/s2\/#\/schema\/person\/b92616550f92addbe9ee408ffdff89fa"},"headline":"Nouvelle obligation d\u00e9clarative pour les propri\u00e9taires","datePublished":"2023-02-27T10:56:25+00:00","dateModified":"2024-01-23T12:50:53+00:00","mainEntityOfPage":{"@id":"https:\/\/www.mirabel-aux-baronnies.fr\/s2\/2023\/02\/27\/nouvelle-obligation-declarative-pour-les-proprietaires\/"},"wordCount":367,"publisher":{"@id":"https:\/\/www.mirabel-aux-baronnies.fr\/s2\/#organization"},"image":{"@id":"https:\/\/www.mirabel-aux-baronnies.fr\/s2\/2023\/02\/27\/nouvelle-obligation-declarative-pour-les-proprietaires\/#primaryimage"},"thumbnailUrl":"https:\/\/www.mirabel-aux-baronnies.fr\/s2\/wp-content\/uploads\/2023\/02\/download.png","keywords":["informations"],"articleSection":["Actualit\u00e9s"],"inLanguage":"fr-FR"},{"@type":"WebPage","@id":"https:\/\/www.mirabel-aux-baronnies.fr\/s2\/2023\/02\/27\/nouvelle-obligation-declarative-pour-les-proprietaires\/","url":"https:\/\/www.mirabel-aux-baronnies.fr\/s2\/2023\/02\/27\/nouvelle-obligation-declarative-pour-les-proprietaires\/","name":"Nouvelle obligation d\u00e9clarative pour les propri\u00e9taires - Mirabel aux Baronnies","isPartOf":{"@id":"https:\/\/www.mirabel-aux-baronnies.fr\/s2\/#website"},"primaryImageOfPage":{"@id":"https:\/\/www.mirabel-aux-baronnies.fr\/s2\/2023\/02\/27\/nouvelle-obligation-declarative-pour-les-proprietaires\/#primaryimage"},"image":{"@id":"https:\/\/www.mirabel-aux-baronnies.fr\/s2\/2023\/02\/27\/nouvelle-obligation-declarative-pour-les-proprietaires\/#primaryimage"},"thumbnailUrl":"https:\/\/www.mirabel-aux-baronnies.fr\/s2\/wp-content\/uploads\/2023\/02\/download.png","datePublished":"2023-02-27T10:56:25+00:00","dateModified":"2024-01-23T12:50:53+00:00","inLanguage":"fr-FR","potentialAction":[{"@type":"ReadAction","target":["https:\/\/www.mirabel-aux-baronnies.fr\/s2\/2023\/02\/27\/nouvelle-obligation-declarative-pour-les-proprietaires\/"]}]},{"@type":"ImageObject","inLanguage":"fr-FR","@id":"https:\/\/www.mirabel-aux-baronnies.fr\/s2\/2023\/02\/27\/nouvelle-obligation-declarative-pour-les-proprietaires\/#primaryimage","url":"https:\/\/www.mirabel-aux-baronnies.fr\/s2\/wp-content\/uploads\/2023\/02\/download.png","contentUrl":"https:\/\/www.mirabel-aux-baronnies.fr\/s2\/wp-content\/uploads\/2023\/02\/download.png","width":158,"height":121},{"@type":"WebSite","@id":"https:\/\/www.mirabel-aux-baronnies.fr\/s2\/#website","url":"https:\/\/www.mirabel-aux-baronnies.fr\/s2\/","name":"Mirabel aux Baronnies","description":"Site officiel de la mairie de Mirabel-aux-Baronnies","publisher":{"@id":"https:\/\/www.mirabel-aux-baronnies.fr\/s2\/#organization"},"alternateName":"Mirabel-aux-Baronnies","potentialAction":[{"@type":"SearchAction","target":{"@type":"EntryPoint","urlTemplate":"https:\/\/www.mirabel-aux-baronnies.fr\/s2\/?s={search_term_string}"},"query-input":{"@type":"PropertyValueSpecification","valueRequired":true,"valueName":"search_term_string"}}],"inLanguage":"fr-FR"},{"@type":"Organization","@id":"https:\/\/www.mirabel-aux-baronnies.fr\/s2\/#organization","name":"Mirabel aux Baronnies","alternateName":"Mirabel-aux-Baronnies","url":"https:\/\/www.mirabel-aux-baronnies.fr\/s2\/","logo":{"@type":"ImageObject","inLanguage":"fr-FR","@id":"https:\/\/www.mirabel-aux-baronnies.fr\/s2\/#\/schema\/logo\/image\/","url":"https:\/\/www.mirabel-aux-baronnies.fr\/s2\/wp-content\/uploads\/2024\/01\/mirabel11.jpg","contentUrl":"https:\/\/www.mirabel-aux-baronnies.fr\/s2\/wp-content\/uploads\/2024\/01\/mirabel11.jpg","width":610,"height":374,"caption":"Mirabel aux Baronnies"},"image":{"@id":"https:\/\/www.mirabel-aux-baronnies.fr\/s2\/#\/schema\/logo\/image\/"},"sameAs":["https:\/\/www.facebook.com\/mairiedemirabelauxbaronnies\/"]},{"@type":"Person","@id":"https:\/\/www.mirabel-aux-baronnies.fr\/s2\/#\/schema\/person\/b92616550f92addbe9ee408ffdff89fa","name":"Sabine Adrien","image":{"@type":"ImageObject","inLanguage":"fr-FR","@id":"https:\/\/secure.gravatar.com\/avatar\/801f8e124f8bed5af931928151507ab05e8aaf1216e6ae180a9fc461a9ab15bf?s=96&d=identicon&r=g","url":"https:\/\/secure.gravatar.com\/avatar\/801f8e124f8bed5af931928151507ab05e8aaf1216e6ae180a9fc461a9ab15bf?s=96&d=identicon&r=g","contentUrl":"https:\/\/secure.gravatar.com\/avatar\/801f8e124f8bed5af931928151507ab05e8aaf1216e6ae180a9fc461a9ab15bf?s=96&d=identicon&r=g","caption":"Sabine Adrien"}}]}},"publishpress_future_action":{"enabled":false,"date":"2026-05-05 15:27:39","action":"change-status","newStatus":"draft","terms":[],"taxonomy":"category","extraData":[]},"publishpress_future_workflow_manual_trigger":{"enabledWorkflows":[]},"rttpg_featured_image_url":{"full":["https:\/\/www.mirabel-aux-baronnies.fr\/s2\/wp-content\/uploads\/2023\/02\/download.png",158,121,false],"landscape":["https:\/\/www.mirabel-aux-baronnies.fr\/s2\/wp-content\/uploads\/2023\/02\/download.png",158,121,false],"portraits":["https:\/\/www.mirabel-aux-baronnies.fr\/s2\/wp-content\/uploads\/2023\/02\/download.png",158,121,false],"thumbnail":["https:\/\/www.mirabel-aux-baronnies.fr\/s2\/wp-content\/uploads\/2023\/02\/download-150x121.png",150,121,true],"medium":["https:\/\/www.mirabel-aux-baronnies.fr\/s2\/wp-content\/uploads\/2023\/02\/download.png",158,121,false],"large":["https:\/\/www.mirabel-aux-baronnies.fr\/s2\/wp-content\/uploads\/2023\/02\/download.png",158,121,false],"1536x1536":["https:\/\/www.mirabel-aux-baronnies.fr\/s2\/wp-content\/uploads\/2023\/02\/download.png",158,121,false],"2048x2048":["https:\/\/www.mirabel-aux-baronnies.fr\/s2\/wp-content\/uploads\/2023\/02\/download.png",158,121,false],"post-thumbnail":["https:\/\/www.mirabel-aux-baronnies.fr\/s2\/wp-content\/uploads\/2023\/02\/download.png",158,121,false],"psacp-medium":["https:\/\/www.mirabel-aux-baronnies.fr\/s2\/wp-content\/uploads\/2023\/02\/download.png",158,121,false]},"rttpg_author":{"display_name":"Sabine Adrien","author_link":"https:\/\/www.mirabel-aux-baronnies.fr\/s2\/author\/sabine\/"},"rttpg_comment":0,"rttpg_category":"<a href=\"https:\/\/www.mirabel-aux-baronnies.fr\/s2\/category\/actualites\/\" rel=\"category tag\">Actualit\u00e9s<\/a>","rttpg_excerpt":"Comme vous le savez, la taxe d\u2019habitation sur les r\u00e9sidences principales est supprim\u00e9e d\u00e8s 2023. Les taxes d\u2019habitation sur les r\u00e9sidences secondaires et sur les locaux vacants sont en revanche maintenues. Pour permettre \u00e0 l\u2019administration fiscale de bien identifier les logements concern\u00e9s par ces taxes qui subsistent, une nouvelle obligation d\u00e9clarative, inscrite \u00e0 l\u2019article 1418\u2026","_links":{"self":[{"href":"https:\/\/www.mirabel-aux-baronnies.fr\/s2\/wp-json\/wp\/v2\/posts\/5157","targetHints":{"allow":["GET"]}}],"collection":[{"href":"https:\/\/www.mirabel-aux-baronnies.fr\/s2\/wp-json\/wp\/v2\/posts"}],"about":[{"href":"https:\/\/www.mirabel-aux-baronnies.fr\/s2\/wp-json\/wp\/v2\/types\/post"}],"author":[{"embeddable":true,"href":"https:\/\/www.mirabel-aux-baronnies.fr\/s2\/wp-json\/wp\/v2\/users\/3"}],"replies":[{"embeddable":true,"href":"https:\/\/www.mirabel-aux-baronnies.fr\/s2\/wp-json\/wp\/v2\/comments?post=5157"}],"version-history":[{"count":3,"href":"https:\/\/www.mirabel-aux-baronnies.fr\/s2\/wp-json\/wp\/v2\/posts\/5157\/revisions"}],"predecessor-version":[{"id":5166,"href":"https:\/\/www.mirabel-aux-baronnies.fr\/s2\/wp-json\/wp\/v2\/posts\/5157\/revisions\/5166"}],"wp:featuredmedia":[{"embeddable":true,"href":"https:\/\/www.mirabel-aux-baronnies.fr\/s2\/wp-json\/wp\/v2\/media\/5159"}],"wp:attachment":[{"href":"https:\/\/www.mirabel-aux-baronnies.fr\/s2\/wp-json\/wp\/v2\/media?parent=5157"}],"wp:term":[{"taxonomy":"category","embeddable":true,"href":"https:\/\/www.mirabel-aux-baronnies.fr\/s2\/wp-json\/wp\/v2\/categories?post=5157"},{"taxonomy":"post_tag","embeddable":true,"href":"https:\/\/www.mirabel-aux-baronnies.fr\/s2\/wp-json\/wp\/v2\/tags?post=5157"}],"curies":[{"name":"wp","href":"https:\/\/api.w.org\/{rel}","templated":true}]}}