{"id":5161,"date":"2023-02-27T16:29:44","date_gmt":"2023-02-27T15:29:44","guid":{"rendered":"https:\/\/www.mirabel-aux-baronnies.fr\/s2\/?p=5161"},"modified":"2024-01-23T13:49:58","modified_gmt":"2024-01-23T12:49:58","slug":"%f0%9f%8c%b1les-jardins-partages%f0%9f%8c%b1-parcelles-disponibles%f0%9f%aa%b4-inscriptions-en-mairie-%e2%98%8e%ef%b8%8f-04-75-27-15-09","status":"publish","type":"post","link":"https:\/\/www.mirabel-aux-baronnies.fr\/s2\/2023\/02\/27\/%f0%9f%8c%b1les-jardins-partages%f0%9f%8c%b1-parcelles-disponibles%f0%9f%aa%b4-inscriptions-en-mairie-%e2%98%8e%ef%b8%8f-04-75-27-15-09\/","title":{"rendered":"\ud83c\udf31LES JARDINS PARTAG\u00c9S\ud83c\udf31 PARCELLES DISPONIBLES\ud83e\udeb4 ! Inscriptions en mairie \u260e\ufe0f 04 75 27 15 09"},"content":{"rendered":"\n<div class=\"wp-block-group\"><div class=\"wp-block-group__inner-container is-layout-constrained wp-block-group-is-layout-constrained\">\n<p class=\"has-text-align-center\"><strong>Au milieu des vignes, les jardins partag\u00e9s permettent aux apprentis jardiniers comme aux jardiniers confirm\u00e9s de pouvoir travailler leur espace de terre.<\/strong><\/p>\n\n\n\n<p class=\"has-text-align-center\">Lieu de convivialit\u00e9 et de partage, cet espace vous permettra d&rsquo;avoir un jardin o\u00f9 vous pourrez faire pousser l\u00e9gumes et fleurs.<\/p>\n\n\n\n<p class=\"has-text-align-center\"><strong>Des parcelles se lib\u00e8rent<\/strong>, si vous souhaitez en louer une, n&rsquo;h\u00e9sitez pas \u00e0<strong> contacter la Mairie de Mirabel<\/strong>.<\/p>\n<\/div><\/div>\n\n\n<div class=\"wp-block-image\">\n<figure class=\"aligncenter size-full\"><img fetchpriority=\"high\" decoding=\"async\" width=\"429\" height=\"287\" src=\"https:\/\/www.mirabel-aux-baronnies.fr\/s2\/wp-content\/uploads\/2023\/02\/jardinspartages.jpg\" alt=\"\" class=\"wp-image-5162\"\/><\/figure>\n<\/div>","protected":false},"excerpt":{"rendered":"<p>Au milieu des vignes, les jardins partag\u00e9s permettent aux apprentis jardiniers comme aux jardiniers confirm\u00e9s de pouvoir travailler leur espace de terre. Lieu de convivialit\u00e9 et de partage, cet espace vous permettra d&rsquo;avoir un jardin o\u00f9 vous pourrez faire pousser l\u00e9gumes et fleurs. Des parcelles se lib\u00e8rent, si vous souhaitez en louer une, n&rsquo;h\u00e9sitez pas [&hellip;]<\/p>\n","protected":false},"author":5,"featured_media":5162,"comment_status":"closed","ping_status":"open","sticky":false,"template":"","format":"standard","meta":{"footnotes":""},"categories":[54],"tags":[90],"class_list":["post-5161","post","type-post","status-publish","format-standard","has-post-thumbnail","hentry","category-actualites","tag-informations"],"yoast_head":"<!-- This site is optimized with the Yoast SEO plugin v27.3 - https:\/\/yoast.com\/product\/yoast-seo-wordpress\/ -->\n<title>\ud83c\udf31LES JARDINS PARTAG\u00c9S\ud83c\udf31 PARCELLES DISPONIBLES\ud83e\udeb4 ! Inscriptions en mairie \u260e\ufe0f 04 75 27 15 09 - Mirabel aux Baronnies<\/title>\n<meta name=\"robots\" content=\"noindex, follow\" \/>\n<meta property=\"og:locale\" content=\"fr_FR\" \/>\n<meta property=\"og:type\" content=\"article\" \/>\n<meta property=\"og:title\" content=\"\ud83c\udf31LES JARDINS PARTAG\u00c9S\ud83c\udf31 PARCELLES DISPONIBLES\ud83e\udeb4 ! Inscriptions en mairie \u260e\ufe0f 04 75 27 15 09 - Mirabel aux Baronnies\" \/>\n<meta property=\"og:description\" content=\"Au milieu des vignes, les jardins partag\u00e9s permettent aux apprentis jardiniers comme aux jardiniers confirm\u00e9s de pouvoir travailler leur espace de terre. Lieu de convivialit\u00e9 et de partage, cet espace vous permettra d&rsquo;avoir un jardin o\u00f9 vous pourrez faire pousser l\u00e9gumes et fleurs. Des parcelles se lib\u00e8rent, si vous souhaitez en louer une, n&rsquo;h\u00e9sitez pas [&hellip;]\" \/>\n<meta property=\"og:url\" content=\"https:\/\/www.mirabel-aux-baronnies.fr\/s2\/2023\/02\/27\/\ud83c\udf31les-jardins-partages\ud83c\udf31-parcelles-disponibles\ud83e\udeb4-inscriptions-en-mairie-\u260e\ufe0f-04-75-27-15-09\/\" \/>\n<meta property=\"og:site_name\" content=\"Mirabel aux Baronnies\" \/>\n<meta property=\"article:publisher\" content=\"https:\/\/www.facebook.com\/mairiedemirabelauxbaronnies\/\" \/>\n<meta property=\"article:published_time\" content=\"2023-02-27T15:29:44+00:00\" \/>\n<meta property=\"article:modified_time\" content=\"2024-01-23T12:49:58+00:00\" \/>\n<meta property=\"og:image\" content=\"https:\/\/www.mirabel-aux-baronnies.fr\/s2\/wp-content\/uploads\/2023\/02\/jardinspartages.jpg\" \/>\n\t<meta property=\"og:image:width\" content=\"429\" \/>\n\t<meta property=\"og:image:height\" content=\"287\" \/>\n\t<meta property=\"og:image:type\" content=\"image\/jpeg\" \/>\n<meta name=\"author\" content=\"Nathalie Zamora\" \/>\n<meta name=\"twitter:card\" content=\"summary_large_image\" \/>\n<meta name=\"twitter:label1\" content=\"\u00c9crit par\" \/>\n\t<meta name=\"twitter:data1\" content=\"Nathalie Zamora\" \/>\n<script type=\"application\/ld+json\" class=\"yoast-schema-graph\">{\"@context\":\"https:\\\/\\\/schema.org\",\"@graph\":[{\"@type\":\"Article\",\"@id\":\"https:\\\/\\\/www.mirabel-aux-baronnies.fr\\\/s2\\\/2023\\\/02\\\/27\\\/%f0%9f%8c%b1les-jardins-partages%f0%9f%8c%b1-parcelles-disponibles%f0%9f%aa%b4-inscriptions-en-mairie-%e2%98%8e%ef%b8%8f-04-75-27-15-09\\\/#article\",\"isPartOf\":{\"@id\":\"https:\\\/\\\/www.mirabel-aux-baronnies.fr\\\/s2\\\/2023\\\/02\\\/27\\\/%f0%9f%8c%b1les-jardins-partages%f0%9f%8c%b1-parcelles-disponibles%f0%9f%aa%b4-inscriptions-en-mairie-%e2%98%8e%ef%b8%8f-04-75-27-15-09\\\/\"},\"author\":{\"name\":\"Nathalie Zamora\",\"@id\":\"https:\\\/\\\/www.mirabel-aux-baronnies.fr\\\/s2\\\/#\\\/schema\\\/person\\\/9558139e501cdacef14fe78b6eca4e77\"},\"headline\":\"\ud83c\udf31LES JARDINS PARTAG\u00c9S\ud83c\udf31 PARCELLES DISPONIBLES\ud83e\udeb4 ! Inscriptions en mairie \u260e\ufe0f 04 75 27 15 09\",\"datePublished\":\"2023-02-27T15:29:44+00:00\",\"dateModified\":\"2024-01-23T12:49:58+00:00\",\"mainEntityOfPage\":{\"@id\":\"https:\\\/\\\/www.mirabel-aux-baronnies.fr\\\/s2\\\/2023\\\/02\\\/27\\\/%f0%9f%8c%b1les-jardins-partages%f0%9f%8c%b1-parcelles-disponibles%f0%9f%aa%b4-inscriptions-en-mairie-%e2%98%8e%ef%b8%8f-04-75-27-15-09\\\/\"},\"wordCount\":74,\"publisher\":{\"@id\":\"https:\\\/\\\/www.mirabel-aux-baronnies.fr\\\/s2\\\/#organization\"},\"image\":{\"@id\":\"https:\\\/\\\/www.mirabel-aux-baronnies.fr\\\/s2\\\/2023\\\/02\\\/27\\\/%f0%9f%8c%b1les-jardins-partages%f0%9f%8c%b1-parcelles-disponibles%f0%9f%aa%b4-inscriptions-en-mairie-%e2%98%8e%ef%b8%8f-04-75-27-15-09\\\/#primaryimage\"},\"thumbnailUrl\":\"https:\\\/\\\/www.mirabel-aux-baronnies.fr\\\/s2\\\/wp-content\\\/uploads\\\/2023\\\/02\\\/jardinspartages.jpg\",\"keywords\":[\"informations\"],\"articleSection\":[\"Actualit\u00e9s\"],\"inLanguage\":\"fr-FR\"},{\"@type\":\"WebPage\",\"@id\":\"https:\\\/\\\/www.mirabel-aux-baronnies.fr\\\/s2\\\/2023\\\/02\\\/27\\\/%f0%9f%8c%b1les-jardins-partages%f0%9f%8c%b1-parcelles-disponibles%f0%9f%aa%b4-inscriptions-en-mairie-%e2%98%8e%ef%b8%8f-04-75-27-15-09\\\/\",\"url\":\"https:\\\/\\\/www.mirabel-aux-baronnies.fr\\\/s2\\\/2023\\\/02\\\/27\\\/%f0%9f%8c%b1les-jardins-partages%f0%9f%8c%b1-parcelles-disponibles%f0%9f%aa%b4-inscriptions-en-mairie-%e2%98%8e%ef%b8%8f-04-75-27-15-09\\\/\",\"name\":\"\ud83c\udf31LES JARDINS PARTAG\u00c9S\ud83c\udf31 PARCELLES DISPONIBLES\ud83e\udeb4 ! Inscriptions en mairie \u260e\ufe0f 04 75 27 15 09 - Mirabel aux Baronnies\",\"isPartOf\":{\"@id\":\"https:\\\/\\\/www.mirabel-aux-baronnies.fr\\\/s2\\\/#website\"},\"primaryImageOfPage\":{\"@id\":\"https:\\\/\\\/www.mirabel-aux-baronnies.fr\\\/s2\\\/2023\\\/02\\\/27\\\/%f0%9f%8c%b1les-jardins-partages%f0%9f%8c%b1-parcelles-disponibles%f0%9f%aa%b4-inscriptions-en-mairie-%e2%98%8e%ef%b8%8f-04-75-27-15-09\\\/#primaryimage\"},\"image\":{\"@id\":\"https:\\\/\\\/www.mirabel-aux-baronnies.fr\\\/s2\\\/2023\\\/02\\\/27\\\/%f0%9f%8c%b1les-jardins-partages%f0%9f%8c%b1-parcelles-disponibles%f0%9f%aa%b4-inscriptions-en-mairie-%e2%98%8e%ef%b8%8f-04-75-27-15-09\\\/#primaryimage\"},\"thumbnailUrl\":\"https:\\\/\\\/www.mirabel-aux-baronnies.fr\\\/s2\\\/wp-content\\\/uploads\\\/2023\\\/02\\\/jardinspartages.jpg\",\"datePublished\":\"2023-02-27T15:29:44+00:00\",\"dateModified\":\"2024-01-23T12:49:58+00:00\",\"inLanguage\":\"fr-FR\",\"potentialAction\":[{\"@type\":\"ReadAction\",\"target\":[\"https:\\\/\\\/www.mirabel-aux-baronnies.fr\\\/s2\\\/2023\\\/02\\\/27\\\/%f0%9f%8c%b1les-jardins-partages%f0%9f%8c%b1-parcelles-disponibles%f0%9f%aa%b4-inscriptions-en-mairie-%e2%98%8e%ef%b8%8f-04-75-27-15-09\\\/\"]}]},{\"@type\":\"ImageObject\",\"inLanguage\":\"fr-FR\",\"@id\":\"https:\\\/\\\/www.mirabel-aux-baronnies.fr\\\/s2\\\/2023\\\/02\\\/27\\\/%f0%9f%8c%b1les-jardins-partages%f0%9f%8c%b1-parcelles-disponibles%f0%9f%aa%b4-inscriptions-en-mairie-%e2%98%8e%ef%b8%8f-04-75-27-15-09\\\/#primaryimage\",\"url\":\"https:\\\/\\\/www.mirabel-aux-baronnies.fr\\\/s2\\\/wp-content\\\/uploads\\\/2023\\\/02\\\/jardinspartages.jpg\",\"contentUrl\":\"https:\\\/\\\/www.mirabel-aux-baronnies.fr\\\/s2\\\/wp-content\\\/uploads\\\/2023\\\/02\\\/jardinspartages.jpg\",\"width\":429,\"height\":287},{\"@type\":\"WebSite\",\"@id\":\"https:\\\/\\\/www.mirabel-aux-baronnies.fr\\\/s2\\\/#website\",\"url\":\"https:\\\/\\\/www.mirabel-aux-baronnies.fr\\\/s2\\\/\",\"name\":\"Mirabel aux Baronnies\",\"description\":\"Site officiel de la mairie de Mirabel-aux-Baronnies\",\"publisher\":{\"@id\":\"https:\\\/\\\/www.mirabel-aux-baronnies.fr\\\/s2\\\/#organization\"},\"alternateName\":\"Mirabel-aux-Baronnies\",\"potentialAction\":[{\"@type\":\"SearchAction\",\"target\":{\"@type\":\"EntryPoint\",\"urlTemplate\":\"https:\\\/\\\/www.mirabel-aux-baronnies.fr\\\/s2\\\/?s={search_term_string}\"},\"query-input\":{\"@type\":\"PropertyValueSpecification\",\"valueRequired\":true,\"valueName\":\"search_term_string\"}}],\"inLanguage\":\"fr-FR\"},{\"@type\":\"Organization\",\"@id\":\"https:\\\/\\\/www.mirabel-aux-baronnies.fr\\\/s2\\\/#organization\",\"name\":\"Mirabel aux Baronnies\",\"alternateName\":\"Mirabel-aux-Baronnies\",\"url\":\"https:\\\/\\\/www.mirabel-aux-baronnies.fr\\\/s2\\\/\",\"logo\":{\"@type\":\"ImageObject\",\"inLanguage\":\"fr-FR\",\"@id\":\"https:\\\/\\\/www.mirabel-aux-baronnies.fr\\\/s2\\\/#\\\/schema\\\/logo\\\/image\\\/\",\"url\":\"https:\\\/\\\/www.mirabel-aux-baronnies.fr\\\/s2\\\/wp-content\\\/uploads\\\/2024\\\/01\\\/mirabel11.jpg\",\"contentUrl\":\"https:\\\/\\\/www.mirabel-aux-baronnies.fr\\\/s2\\\/wp-content\\\/uploads\\\/2024\\\/01\\\/mirabel11.jpg\",\"width\":610,\"height\":374,\"caption\":\"Mirabel aux Baronnies\"},\"image\":{\"@id\":\"https:\\\/\\\/www.mirabel-aux-baronnies.fr\\\/s2\\\/#\\\/schema\\\/logo\\\/image\\\/\"},\"sameAs\":[\"https:\\\/\\\/www.facebook.com\\\/mairiedemirabelauxbaronnies\\\/\"]},{\"@type\":\"Person\",\"@id\":\"https:\\\/\\\/www.mirabel-aux-baronnies.fr\\\/s2\\\/#\\\/schema\\\/person\\\/9558139e501cdacef14fe78b6eca4e77\",\"name\":\"Nathalie Zamora\",\"image\":{\"@type\":\"ImageObject\",\"inLanguage\":\"fr-FR\",\"@id\":\"https:\\\/\\\/secure.gravatar.com\\\/avatar\\\/11b86b8c19625e9312ceda9afcf8d0dcf8e4cc5060d105cbb261504bc128661f?s=96&d=identicon&r=g\",\"url\":\"https:\\\/\\\/secure.gravatar.com\\\/avatar\\\/11b86b8c19625e9312ceda9afcf8d0dcf8e4cc5060d105cbb261504bc128661f?s=96&d=identicon&r=g\",\"contentUrl\":\"https:\\\/\\\/secure.gravatar.com\\\/avatar\\\/11b86b8c19625e9312ceda9afcf8d0dcf8e4cc5060d105cbb261504bc128661f?s=96&d=identicon&r=g\",\"caption\":\"Nathalie Zamora\"}}]}<\/script>\n<!-- \/ Yoast SEO plugin. -->","yoast_head_json":{"title":"\ud83c\udf31LES JARDINS PARTAG\u00c9S\ud83c\udf31 PARCELLES DISPONIBLES\ud83e\udeb4 ! Inscriptions en mairie \u260e\ufe0f 04 75 27 15 09 - Mirabel aux Baronnies","robots":{"index":"noindex","follow":"follow"},"og_locale":"fr_FR","og_type":"article","og_title":"\ud83c\udf31LES JARDINS PARTAG\u00c9S\ud83c\udf31 PARCELLES DISPONIBLES\ud83e\udeb4 ! Inscriptions en mairie \u260e\ufe0f 04 75 27 15 09 - Mirabel aux Baronnies","og_description":"Au milieu des vignes, les jardins partag\u00e9s permettent aux apprentis jardiniers comme aux jardiniers confirm\u00e9s de pouvoir travailler leur espace de terre. Lieu de convivialit\u00e9 et de partage, cet espace vous permettra d&rsquo;avoir un jardin o\u00f9 vous pourrez faire pousser l\u00e9gumes et fleurs. Des parcelles se lib\u00e8rent, si vous souhaitez en louer une, n&rsquo;h\u00e9sitez pas [&hellip;]","og_url":"https:\/\/www.mirabel-aux-baronnies.fr\/s2\/2023\/02\/27\/\ud83c\udf31les-jardins-partages\ud83c\udf31-parcelles-disponibles\ud83e\udeb4-inscriptions-en-mairie-\u260e\ufe0f-04-75-27-15-09\/","og_site_name":"Mirabel aux Baronnies","article_publisher":"https:\/\/www.facebook.com\/mairiedemirabelauxbaronnies\/","article_published_time":"2023-02-27T15:29:44+00:00","article_modified_time":"2024-01-23T12:49:58+00:00","og_image":[{"width":429,"height":287,"url":"https:\/\/www.mirabel-aux-baronnies.fr\/s2\/wp-content\/uploads\/2023\/02\/jardinspartages.jpg","type":"image\/jpeg"}],"author":"Nathalie Zamora","twitter_card":"summary_large_image","twitter_misc":{"\u00c9crit par":"Nathalie Zamora"},"schema":{"@context":"https:\/\/schema.org","@graph":[{"@type":"Article","@id":"https:\/\/www.mirabel-aux-baronnies.fr\/s2\/2023\/02\/27\/%f0%9f%8c%b1les-jardins-partages%f0%9f%8c%b1-parcelles-disponibles%f0%9f%aa%b4-inscriptions-en-mairie-%e2%98%8e%ef%b8%8f-04-75-27-15-09\/#article","isPartOf":{"@id":"https:\/\/www.mirabel-aux-baronnies.fr\/s2\/2023\/02\/27\/%f0%9f%8c%b1les-jardins-partages%f0%9f%8c%b1-parcelles-disponibles%f0%9f%aa%b4-inscriptions-en-mairie-%e2%98%8e%ef%b8%8f-04-75-27-15-09\/"},"author":{"name":"Nathalie Zamora","@id":"https:\/\/www.mirabel-aux-baronnies.fr\/s2\/#\/schema\/person\/9558139e501cdacef14fe78b6eca4e77"},"headline":"\ud83c\udf31LES JARDINS PARTAG\u00c9S\ud83c\udf31 PARCELLES DISPONIBLES\ud83e\udeb4 ! Inscriptions en mairie \u260e\ufe0f 04 75 27 15 09","datePublished":"2023-02-27T15:29:44+00:00","dateModified":"2024-01-23T12:49:58+00:00","mainEntityOfPage":{"@id":"https:\/\/www.mirabel-aux-baronnies.fr\/s2\/2023\/02\/27\/%f0%9f%8c%b1les-jardins-partages%f0%9f%8c%b1-parcelles-disponibles%f0%9f%aa%b4-inscriptions-en-mairie-%e2%98%8e%ef%b8%8f-04-75-27-15-09\/"},"wordCount":74,"publisher":{"@id":"https:\/\/www.mirabel-aux-baronnies.fr\/s2\/#organization"},"image":{"@id":"https:\/\/www.mirabel-aux-baronnies.fr\/s2\/2023\/02\/27\/%f0%9f%8c%b1les-jardins-partages%f0%9f%8c%b1-parcelles-disponibles%f0%9f%aa%b4-inscriptions-en-mairie-%e2%98%8e%ef%b8%8f-04-75-27-15-09\/#primaryimage"},"thumbnailUrl":"https:\/\/www.mirabel-aux-baronnies.fr\/s2\/wp-content\/uploads\/2023\/02\/jardinspartages.jpg","keywords":["informations"],"articleSection":["Actualit\u00e9s"],"inLanguage":"fr-FR"},{"@type":"WebPage","@id":"https:\/\/www.mirabel-aux-baronnies.fr\/s2\/2023\/02\/27\/%f0%9f%8c%b1les-jardins-partages%f0%9f%8c%b1-parcelles-disponibles%f0%9f%aa%b4-inscriptions-en-mairie-%e2%98%8e%ef%b8%8f-04-75-27-15-09\/","url":"https:\/\/www.mirabel-aux-baronnies.fr\/s2\/2023\/02\/27\/%f0%9f%8c%b1les-jardins-partages%f0%9f%8c%b1-parcelles-disponibles%f0%9f%aa%b4-inscriptions-en-mairie-%e2%98%8e%ef%b8%8f-04-75-27-15-09\/","name":"\ud83c\udf31LES JARDINS PARTAG\u00c9S\ud83c\udf31 PARCELLES DISPONIBLES\ud83e\udeb4 ! Inscriptions en mairie \u260e\ufe0f 04 75 27 15 09 - Mirabel aux Baronnies","isPartOf":{"@id":"https:\/\/www.mirabel-aux-baronnies.fr\/s2\/#website"},"primaryImageOfPage":{"@id":"https:\/\/www.mirabel-aux-baronnies.fr\/s2\/2023\/02\/27\/%f0%9f%8c%b1les-jardins-partages%f0%9f%8c%b1-parcelles-disponibles%f0%9f%aa%b4-inscriptions-en-mairie-%e2%98%8e%ef%b8%8f-04-75-27-15-09\/#primaryimage"},"image":{"@id":"https:\/\/www.mirabel-aux-baronnies.fr\/s2\/2023\/02\/27\/%f0%9f%8c%b1les-jardins-partages%f0%9f%8c%b1-parcelles-disponibles%f0%9f%aa%b4-inscriptions-en-mairie-%e2%98%8e%ef%b8%8f-04-75-27-15-09\/#primaryimage"},"thumbnailUrl":"https:\/\/www.mirabel-aux-baronnies.fr\/s2\/wp-content\/uploads\/2023\/02\/jardinspartages.jpg","datePublished":"2023-02-27T15:29:44+00:00","dateModified":"2024-01-23T12:49:58+00:00","inLanguage":"fr-FR","potentialAction":[{"@type":"ReadAction","target":["https:\/\/www.mirabel-aux-baronnies.fr\/s2\/2023\/02\/27\/%f0%9f%8c%b1les-jardins-partages%f0%9f%8c%b1-parcelles-disponibles%f0%9f%aa%b4-inscriptions-en-mairie-%e2%98%8e%ef%b8%8f-04-75-27-15-09\/"]}]},{"@type":"ImageObject","inLanguage":"fr-FR","@id":"https:\/\/www.mirabel-aux-baronnies.fr\/s2\/2023\/02\/27\/%f0%9f%8c%b1les-jardins-partages%f0%9f%8c%b1-parcelles-disponibles%f0%9f%aa%b4-inscriptions-en-mairie-%e2%98%8e%ef%b8%8f-04-75-27-15-09\/#primaryimage","url":"https:\/\/www.mirabel-aux-baronnies.fr\/s2\/wp-content\/uploads\/2023\/02\/jardinspartages.jpg","contentUrl":"https:\/\/www.mirabel-aux-baronnies.fr\/s2\/wp-content\/uploads\/2023\/02\/jardinspartages.jpg","width":429,"height":287},{"@type":"WebSite","@id":"https:\/\/www.mirabel-aux-baronnies.fr\/s2\/#website","url":"https:\/\/www.mirabel-aux-baronnies.fr\/s2\/","name":"Mirabel aux Baronnies","description":"Site officiel de la mairie de Mirabel-aux-Baronnies","publisher":{"@id":"https:\/\/www.mirabel-aux-baronnies.fr\/s2\/#organization"},"alternateName":"Mirabel-aux-Baronnies","potentialAction":[{"@type":"SearchAction","target":{"@type":"EntryPoint","urlTemplate":"https:\/\/www.mirabel-aux-baronnies.fr\/s2\/?s={search_term_string}"},"query-input":{"@type":"PropertyValueSpecification","valueRequired":true,"valueName":"search_term_string"}}],"inLanguage":"fr-FR"},{"@type":"Organization","@id":"https:\/\/www.mirabel-aux-baronnies.fr\/s2\/#organization","name":"Mirabel aux Baronnies","alternateName":"Mirabel-aux-Baronnies","url":"https:\/\/www.mirabel-aux-baronnies.fr\/s2\/","logo":{"@type":"ImageObject","inLanguage":"fr-FR","@id":"https:\/\/www.mirabel-aux-baronnies.fr\/s2\/#\/schema\/logo\/image\/","url":"https:\/\/www.mirabel-aux-baronnies.fr\/s2\/wp-content\/uploads\/2024\/01\/mirabel11.jpg","contentUrl":"https:\/\/www.mirabel-aux-baronnies.fr\/s2\/wp-content\/uploads\/2024\/01\/mirabel11.jpg","width":610,"height":374,"caption":"Mirabel aux Baronnies"},"image":{"@id":"https:\/\/www.mirabel-aux-baronnies.fr\/s2\/#\/schema\/logo\/image\/"},"sameAs":["https:\/\/www.facebook.com\/mairiedemirabelauxbaronnies\/"]},{"@type":"Person","@id":"https:\/\/www.mirabel-aux-baronnies.fr\/s2\/#\/schema\/person\/9558139e501cdacef14fe78b6eca4e77","name":"Nathalie Zamora","image":{"@type":"ImageObject","inLanguage":"fr-FR","@id":"https:\/\/secure.gravatar.com\/avatar\/11b86b8c19625e9312ceda9afcf8d0dcf8e4cc5060d105cbb261504bc128661f?s=96&d=identicon&r=g","url":"https:\/\/secure.gravatar.com\/avatar\/11b86b8c19625e9312ceda9afcf8d0dcf8e4cc5060d105cbb261504bc128661f?s=96&d=identicon&r=g","contentUrl":"https:\/\/secure.gravatar.com\/avatar\/11b86b8c19625e9312ceda9afcf8d0dcf8e4cc5060d105cbb261504bc128661f?s=96&d=identicon&r=g","caption":"Nathalie Zamora"}}]}},"publishpress_future_action":{"enabled":false,"date":"2026-05-05 15:27:39","action":"change-status","newStatus":"draft","terms":[],"taxonomy":"category","extraData":[]},"publishpress_future_workflow_manual_trigger":{"enabledWorkflows":[]},"rttpg_featured_image_url":{"full":["https:\/\/www.mirabel-aux-baronnies.fr\/s2\/wp-content\/uploads\/2023\/02\/jardinspartages.jpg",429,287,false],"landscape":["https:\/\/www.mirabel-aux-baronnies.fr\/s2\/wp-content\/uploads\/2023\/02\/jardinspartages.jpg",429,287,false],"portraits":["https:\/\/www.mirabel-aux-baronnies.fr\/s2\/wp-content\/uploads\/2023\/02\/jardinspartages.jpg",429,287,false],"thumbnail":["https:\/\/www.mirabel-aux-baronnies.fr\/s2\/wp-content\/uploads\/2023\/02\/jardinspartages-150x150.jpg",150,150,true],"medium":["https:\/\/www.mirabel-aux-baronnies.fr\/s2\/wp-content\/uploads\/2023\/02\/jardinspartages-300x287.jpg",300,287,true],"large":["https:\/\/www.mirabel-aux-baronnies.fr\/s2\/wp-content\/uploads\/2023\/02\/jardinspartages.jpg",429,287,false],"1536x1536":["https:\/\/www.mirabel-aux-baronnies.fr\/s2\/wp-content\/uploads\/2023\/02\/jardinspartages.jpg",429,287,false],"2048x2048":["https:\/\/www.mirabel-aux-baronnies.fr\/s2\/wp-content\/uploads\/2023\/02\/jardinspartages.jpg",429,287,false],"post-thumbnail":["https:\/\/www.mirabel-aux-baronnies.fr\/s2\/wp-content\/uploads\/2023\/02\/jardinspartages-280x180.jpg",280,180,true],"psacp-medium":["https:\/\/www.mirabel-aux-baronnies.fr\/s2\/wp-content\/uploads\/2023\/02\/jardinspartages.jpg",429,287,false]},"rttpg_author":{"display_name":"Nathalie Zamora","author_link":"https:\/\/www.mirabel-aux-baronnies.fr\/s2\/author\/nathaliez\/"},"rttpg_comment":0,"rttpg_category":"<a href=\"https:\/\/www.mirabel-aux-baronnies.fr\/s2\/category\/actualites\/\" rel=\"category tag\">Actualit\u00e9s<\/a>","rttpg_excerpt":"Au milieu des vignes, les jardins partag\u00e9s permettent aux apprentis jardiniers comme aux jardiniers confirm\u00e9s de pouvoir travailler leur espace de terre. Lieu de convivialit\u00e9 et de partage, cet espace vous permettra d&rsquo;avoir un jardin o\u00f9 vous pourrez faire pousser l\u00e9gumes et fleurs. Des parcelles se lib\u00e8rent, si vous souhaitez en louer une, n&rsquo;h\u00e9sitez pas\u2026","_links":{"self":[{"href":"https:\/\/www.mirabel-aux-baronnies.fr\/s2\/wp-json\/wp\/v2\/posts\/5161","targetHints":{"allow":["GET"]}}],"collection":[{"href":"https:\/\/www.mirabel-aux-baronnies.fr\/s2\/wp-json\/wp\/v2\/posts"}],"about":[{"href":"https:\/\/www.mirabel-aux-baronnies.fr\/s2\/wp-json\/wp\/v2\/types\/post"}],"author":[{"embeddable":true,"href":"https:\/\/www.mirabel-aux-baronnies.fr\/s2\/wp-json\/wp\/v2\/users\/5"}],"replies":[{"embeddable":true,"href":"https:\/\/www.mirabel-aux-baronnies.fr\/s2\/wp-json\/wp\/v2\/comments?post=5161"}],"version-history":[{"count":1,"href":"https:\/\/www.mirabel-aux-baronnies.fr\/s2\/wp-json\/wp\/v2\/posts\/5161\/revisions"}],"predecessor-version":[{"id":5163,"href":"https:\/\/www.mirabel-aux-baronnies.fr\/s2\/wp-json\/wp\/v2\/posts\/5161\/revisions\/5163"}],"wp:featuredmedia":[{"embeddable":true,"href":"https:\/\/www.mirabel-aux-baronnies.fr\/s2\/wp-json\/wp\/v2\/media\/5162"}],"wp:attachment":[{"href":"https:\/\/www.mirabel-aux-baronnies.fr\/s2\/wp-json\/wp\/v2\/media?parent=5161"}],"wp:term":[{"taxonomy":"category","embeddable":true,"href":"https:\/\/www.mirabel-aux-baronnies.fr\/s2\/wp-json\/wp\/v2\/categories?post=5161"},{"taxonomy":"post_tag","embeddable":true,"href":"https:\/\/www.mirabel-aux-baronnies.fr\/s2\/wp-json\/wp\/v2\/tags?post=5161"}],"curies":[{"name":"wp","href":"https:\/\/api.w.org\/{rel}","templated":true}]}}