{"id":5358,"date":"2023-03-21T18:20:11","date_gmt":"2023-03-21T17:20:11","guid":{"rendered":"https:\/\/www.mirabel-aux-baronnies.fr\/s2\/?p=5358"},"modified":"2024-01-23T13:47:25","modified_gmt":"2024-01-23T12:47:25","slug":"%f0%9f%9a%a8centre-decoute-de-la-drome-contre-la-maltraitance-des-personnes-agees-et-ou-handicapees-%f0%9f%9a%a8-dromalma-%e2%98%8e%ef%b8%8f04-75-86-10-10-ou-le-3977","status":"publish","type":"post","link":"https:\/\/www.mirabel-aux-baronnies.fr\/s2\/2023\/03\/21\/%f0%9f%9a%a8centre-decoute-de-la-drome-contre-la-maltraitance-des-personnes-agees-et-ou-handicapees-%f0%9f%9a%a8-dromalma-%e2%98%8e%ef%b8%8f04-75-86-10-10-ou-le-3977\/","title":{"rendered":"\ud83d\udea8Centre d&rsquo;\u00c9coute de la Dr\u00f4me contre la maltraitance des personnes \u00e2ges ou handicap\u00e9es \ud83d\udea8"},"content":{"rendered":"\n<p>Dr\u00f4mALMA : \u260e\ufe0f 04 75 86 10 10 ou le 3977.<\/p>\n\n\n<div class=\"wp-block-image\">\n<figure class=\"aligncenter size-full\"><img fetchpriority=\"high\" decoding=\"async\" width=\"1664\" height=\"1907\" src=\"https:\/\/www.mirabel-aux-baronnies.fr\/s2\/wp-content\/uploads\/2023\/03\/information-a-mairie-image.png\" alt=\"\" class=\"wp-image-5359\" srcset=\"https:\/\/www.mirabel-aux-baronnies.fr\/s2\/wp-content\/uploads\/2023\/03\/information-a-mairie-image.png 1664w, https:\/\/www.mirabel-aux-baronnies.fr\/s2\/wp-content\/uploads\/2023\/03\/information-a-mairie-image-1340x1536.png 1340w\" sizes=\"(max-width: 1664px) 100vw, 1664px\" \/><\/figure>\n<\/div>","protected":false},"excerpt":{"rendered":"<p>Dr\u00f4mALMA : \u260e\ufe0f 04 75 86 10 10 ou le 3977.<\/p>\n","protected":false},"author":5,"featured_media":5359,"comment_status":"closed","ping_status":"open","sticky":false,"template":"","format":"standard","meta":{"footnotes":""},"categories":[54],"tags":[90],"class_list":["post-5358","post","type-post","status-publish","format-standard","has-post-thumbnail","hentry","category-actualites","tag-informations"],"yoast_head":"<!-- This site is optimized with the Yoast SEO plugin v27.3 - https:\/\/yoast.com\/product\/yoast-seo-wordpress\/ -->\n<title>\ud83d\udea8Centre d&#039;\u00c9coute de la Dr\u00f4me contre la maltraitance des personnes \u00e2ges ou handicap\u00e9es \ud83d\udea8 - Mirabel aux Baronnies<\/title>\n<meta name=\"robots\" content=\"noindex, follow\" \/>\n<meta property=\"og:locale\" content=\"fr_FR\" \/>\n<meta property=\"og:type\" content=\"article\" \/>\n<meta property=\"og:title\" content=\"\ud83d\udea8Centre d&#039;\u00c9coute de la Dr\u00f4me contre la maltraitance des personnes \u00e2ges ou handicap\u00e9es \ud83d\udea8 - Mirabel aux Baronnies\" \/>\n<meta property=\"og:description\" content=\"Dr\u00f4mALMA : \u260e\ufe0f 04 75 86 10 10 ou le 3977.\" \/>\n<meta property=\"og:url\" content=\"https:\/\/www.mirabel-aux-baronnies.fr\/s2\/2023\/03\/21\/\ud83d\udea8centre-decoute-de-la-drome-contre-la-maltraitance-des-personnes-agees-et-ou-handicapees-\ud83d\udea8-dromalma-\u260e\ufe0f04-75-86-10-10-ou-le-3977\/\" \/>\n<meta property=\"og:site_name\" content=\"Mirabel aux Baronnies\" \/>\n<meta property=\"article:publisher\" content=\"https:\/\/www.facebook.com\/mairiedemirabelauxbaronnies\/\" \/>\n<meta property=\"article:published_time\" content=\"2023-03-21T17:20:11+00:00\" \/>\n<meta property=\"article:modified_time\" content=\"2024-01-23T12:47:25+00:00\" \/>\n<meta property=\"og:image\" content=\"https:\/\/www.mirabel-aux-baronnies.fr\/s2\/wp-content\/uploads\/2023\/03\/information-a-mairie-image.png\" \/>\n\t<meta property=\"og:image:width\" content=\"1664\" \/>\n\t<meta property=\"og:image:height\" content=\"1907\" \/>\n\t<meta property=\"og:image:type\" content=\"image\/png\" \/>\n<meta name=\"author\" content=\"Nathalie Zamora\" \/>\n<meta name=\"twitter:card\" content=\"summary_large_image\" \/>\n<meta name=\"twitter:label1\" content=\"\u00c9crit par\" \/>\n\t<meta name=\"twitter:data1\" content=\"Nathalie Zamora\" \/>\n<script type=\"application\/ld+json\" class=\"yoast-schema-graph\">{\"@context\":\"https:\\\/\\\/schema.org\",\"@graph\":[{\"@type\":\"Article\",\"@id\":\"https:\\\/\\\/www.mirabel-aux-baronnies.fr\\\/s2\\\/2023\\\/03\\\/21\\\/%f0%9f%9a%a8centre-decoute-de-la-drome-contre-la-maltraitance-des-personnes-agees-et-ou-handicapees-%f0%9f%9a%a8-dromalma-%e2%98%8e%ef%b8%8f04-75-86-10-10-ou-le-3977\\\/#article\",\"isPartOf\":{\"@id\":\"https:\\\/\\\/www.mirabel-aux-baronnies.fr\\\/s2\\\/2023\\\/03\\\/21\\\/%f0%9f%9a%a8centre-decoute-de-la-drome-contre-la-maltraitance-des-personnes-agees-et-ou-handicapees-%f0%9f%9a%a8-dromalma-%e2%98%8e%ef%b8%8f04-75-86-10-10-ou-le-3977\\\/\"},\"author\":{\"name\":\"Nathalie Zamora\",\"@id\":\"https:\\\/\\\/www.mirabel-aux-baronnies.fr\\\/s2\\\/#\\\/schema\\\/person\\\/9558139e501cdacef14fe78b6eca4e77\"},\"headline\":\"\ud83d\udea8Centre d&rsquo;\u00c9coute de la Dr\u00f4me contre la maltraitance des personnes \u00e2ges ou handicap\u00e9es \ud83d\udea8\",\"datePublished\":\"2023-03-21T17:20:11+00:00\",\"dateModified\":\"2024-01-23T12:47:25+00:00\",\"mainEntityOfPage\":{\"@id\":\"https:\\\/\\\/www.mirabel-aux-baronnies.fr\\\/s2\\\/2023\\\/03\\\/21\\\/%f0%9f%9a%a8centre-decoute-de-la-drome-contre-la-maltraitance-des-personnes-agees-et-ou-handicapees-%f0%9f%9a%a8-dromalma-%e2%98%8e%ef%b8%8f04-75-86-10-10-ou-le-3977\\\/\"},\"wordCount\":20,\"publisher\":{\"@id\":\"https:\\\/\\\/www.mirabel-aux-baronnies.fr\\\/s2\\\/#organization\"},\"image\":{\"@id\":\"https:\\\/\\\/www.mirabel-aux-baronnies.fr\\\/s2\\\/2023\\\/03\\\/21\\\/%f0%9f%9a%a8centre-decoute-de-la-drome-contre-la-maltraitance-des-personnes-agees-et-ou-handicapees-%f0%9f%9a%a8-dromalma-%e2%98%8e%ef%b8%8f04-75-86-10-10-ou-le-3977\\\/#primaryimage\"},\"thumbnailUrl\":\"https:\\\/\\\/www.mirabel-aux-baronnies.fr\\\/s2\\\/wp-content\\\/uploads\\\/2023\\\/03\\\/information-a-mairie-image.png\",\"keywords\":[\"informations\"],\"articleSection\":[\"Actualit\u00e9s\"],\"inLanguage\":\"fr-FR\"},{\"@type\":\"WebPage\",\"@id\":\"https:\\\/\\\/www.mirabel-aux-baronnies.fr\\\/s2\\\/2023\\\/03\\\/21\\\/%f0%9f%9a%a8centre-decoute-de-la-drome-contre-la-maltraitance-des-personnes-agees-et-ou-handicapees-%f0%9f%9a%a8-dromalma-%e2%98%8e%ef%b8%8f04-75-86-10-10-ou-le-3977\\\/\",\"url\":\"https:\\\/\\\/www.mirabel-aux-baronnies.fr\\\/s2\\\/2023\\\/03\\\/21\\\/%f0%9f%9a%a8centre-decoute-de-la-drome-contre-la-maltraitance-des-personnes-agees-et-ou-handicapees-%f0%9f%9a%a8-dromalma-%e2%98%8e%ef%b8%8f04-75-86-10-10-ou-le-3977\\\/\",\"name\":\"\ud83d\udea8Centre d'\u00c9coute de la Dr\u00f4me contre la maltraitance des personnes \u00e2ges ou handicap\u00e9es \ud83d\udea8 - Mirabel aux Baronnies\",\"isPartOf\":{\"@id\":\"https:\\\/\\\/www.mirabel-aux-baronnies.fr\\\/s2\\\/#website\"},\"primaryImageOfPage\":{\"@id\":\"https:\\\/\\\/www.mirabel-aux-baronnies.fr\\\/s2\\\/2023\\\/03\\\/21\\\/%f0%9f%9a%a8centre-decoute-de-la-drome-contre-la-maltraitance-des-personnes-agees-et-ou-handicapees-%f0%9f%9a%a8-dromalma-%e2%98%8e%ef%b8%8f04-75-86-10-10-ou-le-3977\\\/#primaryimage\"},\"image\":{\"@id\":\"https:\\\/\\\/www.mirabel-aux-baronnies.fr\\\/s2\\\/2023\\\/03\\\/21\\\/%f0%9f%9a%a8centre-decoute-de-la-drome-contre-la-maltraitance-des-personnes-agees-et-ou-handicapees-%f0%9f%9a%a8-dromalma-%e2%98%8e%ef%b8%8f04-75-86-10-10-ou-le-3977\\\/#primaryimage\"},\"thumbnailUrl\":\"https:\\\/\\\/www.mirabel-aux-baronnies.fr\\\/s2\\\/wp-content\\\/uploads\\\/2023\\\/03\\\/information-a-mairie-image.png\",\"datePublished\":\"2023-03-21T17:20:11+00:00\",\"dateModified\":\"2024-01-23T12:47:25+00:00\",\"inLanguage\":\"fr-FR\",\"potentialAction\":[{\"@type\":\"ReadAction\",\"target\":[\"https:\\\/\\\/www.mirabel-aux-baronnies.fr\\\/s2\\\/2023\\\/03\\\/21\\\/%f0%9f%9a%a8centre-decoute-de-la-drome-contre-la-maltraitance-des-personnes-agees-et-ou-handicapees-%f0%9f%9a%a8-dromalma-%e2%98%8e%ef%b8%8f04-75-86-10-10-ou-le-3977\\\/\"]}]},{\"@type\":\"ImageObject\",\"inLanguage\":\"fr-FR\",\"@id\":\"https:\\\/\\\/www.mirabel-aux-baronnies.fr\\\/s2\\\/2023\\\/03\\\/21\\\/%f0%9f%9a%a8centre-decoute-de-la-drome-contre-la-maltraitance-des-personnes-agees-et-ou-handicapees-%f0%9f%9a%a8-dromalma-%e2%98%8e%ef%b8%8f04-75-86-10-10-ou-le-3977\\\/#primaryimage\",\"url\":\"https:\\\/\\\/www.mirabel-aux-baronnies.fr\\\/s2\\\/wp-content\\\/uploads\\\/2023\\\/03\\\/information-a-mairie-image.png\",\"contentUrl\":\"https:\\\/\\\/www.mirabel-aux-baronnies.fr\\\/s2\\\/wp-content\\\/uploads\\\/2023\\\/03\\\/information-a-mairie-image.png\",\"width\":1664,\"height\":1907},{\"@type\":\"WebSite\",\"@id\":\"https:\\\/\\\/www.mirabel-aux-baronnies.fr\\\/s2\\\/#website\",\"url\":\"https:\\\/\\\/www.mirabel-aux-baronnies.fr\\\/s2\\\/\",\"name\":\"Mirabel aux Baronnies\",\"description\":\"Site officiel de la mairie de Mirabel-aux-Baronnies\",\"publisher\":{\"@id\":\"https:\\\/\\\/www.mirabel-aux-baronnies.fr\\\/s2\\\/#organization\"},\"alternateName\":\"Mirabel-aux-Baronnies\",\"potentialAction\":[{\"@type\":\"SearchAction\",\"target\":{\"@type\":\"EntryPoint\",\"urlTemplate\":\"https:\\\/\\\/www.mirabel-aux-baronnies.fr\\\/s2\\\/?s={search_term_string}\"},\"query-input\":{\"@type\":\"PropertyValueSpecification\",\"valueRequired\":true,\"valueName\":\"search_term_string\"}}],\"inLanguage\":\"fr-FR\"},{\"@type\":\"Organization\",\"@id\":\"https:\\\/\\\/www.mirabel-aux-baronnies.fr\\\/s2\\\/#organization\",\"name\":\"Mirabel aux Baronnies\",\"alternateName\":\"Mirabel-aux-Baronnies\",\"url\":\"https:\\\/\\\/www.mirabel-aux-baronnies.fr\\\/s2\\\/\",\"logo\":{\"@type\":\"ImageObject\",\"inLanguage\":\"fr-FR\",\"@id\":\"https:\\\/\\\/www.mirabel-aux-baronnies.fr\\\/s2\\\/#\\\/schema\\\/logo\\\/image\\\/\",\"url\":\"https:\\\/\\\/www.mirabel-aux-baronnies.fr\\\/s2\\\/wp-content\\\/uploads\\\/2024\\\/01\\\/mirabel11.jpg\",\"contentUrl\":\"https:\\\/\\\/www.mirabel-aux-baronnies.fr\\\/s2\\\/wp-content\\\/uploads\\\/2024\\\/01\\\/mirabel11.jpg\",\"width\":610,\"height\":374,\"caption\":\"Mirabel aux Baronnies\"},\"image\":{\"@id\":\"https:\\\/\\\/www.mirabel-aux-baronnies.fr\\\/s2\\\/#\\\/schema\\\/logo\\\/image\\\/\"},\"sameAs\":[\"https:\\\/\\\/www.facebook.com\\\/mairiedemirabelauxbaronnies\\\/\"]},{\"@type\":\"Person\",\"@id\":\"https:\\\/\\\/www.mirabel-aux-baronnies.fr\\\/s2\\\/#\\\/schema\\\/person\\\/9558139e501cdacef14fe78b6eca4e77\",\"name\":\"Nathalie Zamora\",\"image\":{\"@type\":\"ImageObject\",\"inLanguage\":\"fr-FR\",\"@id\":\"https:\\\/\\\/secure.gravatar.com\\\/avatar\\\/11b86b8c19625e9312ceda9afcf8d0dcf8e4cc5060d105cbb261504bc128661f?s=96&d=identicon&r=g\",\"url\":\"https:\\\/\\\/secure.gravatar.com\\\/avatar\\\/11b86b8c19625e9312ceda9afcf8d0dcf8e4cc5060d105cbb261504bc128661f?s=96&d=identicon&r=g\",\"contentUrl\":\"https:\\\/\\\/secure.gravatar.com\\\/avatar\\\/11b86b8c19625e9312ceda9afcf8d0dcf8e4cc5060d105cbb261504bc128661f?s=96&d=identicon&r=g\",\"caption\":\"Nathalie Zamora\"}}]}<\/script>\n<!-- \/ Yoast SEO plugin. -->","yoast_head_json":{"title":"\ud83d\udea8Centre d'\u00c9coute de la Dr\u00f4me contre la maltraitance des personnes \u00e2ges ou handicap\u00e9es \ud83d\udea8 - Mirabel aux Baronnies","robots":{"index":"noindex","follow":"follow"},"og_locale":"fr_FR","og_type":"article","og_title":"\ud83d\udea8Centre d'\u00c9coute de la Dr\u00f4me contre la maltraitance des personnes \u00e2ges ou handicap\u00e9es \ud83d\udea8 - Mirabel aux Baronnies","og_description":"Dr\u00f4mALMA : \u260e\ufe0f 04 75 86 10 10 ou le 3977.","og_url":"https:\/\/www.mirabel-aux-baronnies.fr\/s2\/2023\/03\/21\/\ud83d\udea8centre-decoute-de-la-drome-contre-la-maltraitance-des-personnes-agees-et-ou-handicapees-\ud83d\udea8-dromalma-\u260e\ufe0f04-75-86-10-10-ou-le-3977\/","og_site_name":"Mirabel aux Baronnies","article_publisher":"https:\/\/www.facebook.com\/mairiedemirabelauxbaronnies\/","article_published_time":"2023-03-21T17:20:11+00:00","article_modified_time":"2024-01-23T12:47:25+00:00","og_image":[{"width":1664,"height":1907,"url":"https:\/\/www.mirabel-aux-baronnies.fr\/s2\/wp-content\/uploads\/2023\/03\/information-a-mairie-image.png","type":"image\/png"}],"author":"Nathalie Zamora","twitter_card":"summary_large_image","twitter_misc":{"\u00c9crit par":"Nathalie Zamora"},"schema":{"@context":"https:\/\/schema.org","@graph":[{"@type":"Article","@id":"https:\/\/www.mirabel-aux-baronnies.fr\/s2\/2023\/03\/21\/%f0%9f%9a%a8centre-decoute-de-la-drome-contre-la-maltraitance-des-personnes-agees-et-ou-handicapees-%f0%9f%9a%a8-dromalma-%e2%98%8e%ef%b8%8f04-75-86-10-10-ou-le-3977\/#article","isPartOf":{"@id":"https:\/\/www.mirabel-aux-baronnies.fr\/s2\/2023\/03\/21\/%f0%9f%9a%a8centre-decoute-de-la-drome-contre-la-maltraitance-des-personnes-agees-et-ou-handicapees-%f0%9f%9a%a8-dromalma-%e2%98%8e%ef%b8%8f04-75-86-10-10-ou-le-3977\/"},"author":{"name":"Nathalie Zamora","@id":"https:\/\/www.mirabel-aux-baronnies.fr\/s2\/#\/schema\/person\/9558139e501cdacef14fe78b6eca4e77"},"headline":"\ud83d\udea8Centre d&rsquo;\u00c9coute de la Dr\u00f4me contre la maltraitance des personnes \u00e2ges ou handicap\u00e9es \ud83d\udea8","datePublished":"2023-03-21T17:20:11+00:00","dateModified":"2024-01-23T12:47:25+00:00","mainEntityOfPage":{"@id":"https:\/\/www.mirabel-aux-baronnies.fr\/s2\/2023\/03\/21\/%f0%9f%9a%a8centre-decoute-de-la-drome-contre-la-maltraitance-des-personnes-agees-et-ou-handicapees-%f0%9f%9a%a8-dromalma-%e2%98%8e%ef%b8%8f04-75-86-10-10-ou-le-3977\/"},"wordCount":20,"publisher":{"@id":"https:\/\/www.mirabel-aux-baronnies.fr\/s2\/#organization"},"image":{"@id":"https:\/\/www.mirabel-aux-baronnies.fr\/s2\/2023\/03\/21\/%f0%9f%9a%a8centre-decoute-de-la-drome-contre-la-maltraitance-des-personnes-agees-et-ou-handicapees-%f0%9f%9a%a8-dromalma-%e2%98%8e%ef%b8%8f04-75-86-10-10-ou-le-3977\/#primaryimage"},"thumbnailUrl":"https:\/\/www.mirabel-aux-baronnies.fr\/s2\/wp-content\/uploads\/2023\/03\/information-a-mairie-image.png","keywords":["informations"],"articleSection":["Actualit\u00e9s"],"inLanguage":"fr-FR"},{"@type":"WebPage","@id":"https:\/\/www.mirabel-aux-baronnies.fr\/s2\/2023\/03\/21\/%f0%9f%9a%a8centre-decoute-de-la-drome-contre-la-maltraitance-des-personnes-agees-et-ou-handicapees-%f0%9f%9a%a8-dromalma-%e2%98%8e%ef%b8%8f04-75-86-10-10-ou-le-3977\/","url":"https:\/\/www.mirabel-aux-baronnies.fr\/s2\/2023\/03\/21\/%f0%9f%9a%a8centre-decoute-de-la-drome-contre-la-maltraitance-des-personnes-agees-et-ou-handicapees-%f0%9f%9a%a8-dromalma-%e2%98%8e%ef%b8%8f04-75-86-10-10-ou-le-3977\/","name":"\ud83d\udea8Centre d'\u00c9coute de la Dr\u00f4me contre la maltraitance des personnes \u00e2ges ou handicap\u00e9es \ud83d\udea8 - Mirabel aux Baronnies","isPartOf":{"@id":"https:\/\/www.mirabel-aux-baronnies.fr\/s2\/#website"},"primaryImageOfPage":{"@id":"https:\/\/www.mirabel-aux-baronnies.fr\/s2\/2023\/03\/21\/%f0%9f%9a%a8centre-decoute-de-la-drome-contre-la-maltraitance-des-personnes-agees-et-ou-handicapees-%f0%9f%9a%a8-dromalma-%e2%98%8e%ef%b8%8f04-75-86-10-10-ou-le-3977\/#primaryimage"},"image":{"@id":"https:\/\/www.mirabel-aux-baronnies.fr\/s2\/2023\/03\/21\/%f0%9f%9a%a8centre-decoute-de-la-drome-contre-la-maltraitance-des-personnes-agees-et-ou-handicapees-%f0%9f%9a%a8-dromalma-%e2%98%8e%ef%b8%8f04-75-86-10-10-ou-le-3977\/#primaryimage"},"thumbnailUrl":"https:\/\/www.mirabel-aux-baronnies.fr\/s2\/wp-content\/uploads\/2023\/03\/information-a-mairie-image.png","datePublished":"2023-03-21T17:20:11+00:00","dateModified":"2024-01-23T12:47:25+00:00","inLanguage":"fr-FR","potentialAction":[{"@type":"ReadAction","target":["https:\/\/www.mirabel-aux-baronnies.fr\/s2\/2023\/03\/21\/%f0%9f%9a%a8centre-decoute-de-la-drome-contre-la-maltraitance-des-personnes-agees-et-ou-handicapees-%f0%9f%9a%a8-dromalma-%e2%98%8e%ef%b8%8f04-75-86-10-10-ou-le-3977\/"]}]},{"@type":"ImageObject","inLanguage":"fr-FR","@id":"https:\/\/www.mirabel-aux-baronnies.fr\/s2\/2023\/03\/21\/%f0%9f%9a%a8centre-decoute-de-la-drome-contre-la-maltraitance-des-personnes-agees-et-ou-handicapees-%f0%9f%9a%a8-dromalma-%e2%98%8e%ef%b8%8f04-75-86-10-10-ou-le-3977\/#primaryimage","url":"https:\/\/www.mirabel-aux-baronnies.fr\/s2\/wp-content\/uploads\/2023\/03\/information-a-mairie-image.png","contentUrl":"https:\/\/www.mirabel-aux-baronnies.fr\/s2\/wp-content\/uploads\/2023\/03\/information-a-mairie-image.png","width":1664,"height":1907},{"@type":"WebSite","@id":"https:\/\/www.mirabel-aux-baronnies.fr\/s2\/#website","url":"https:\/\/www.mirabel-aux-baronnies.fr\/s2\/","name":"Mirabel aux Baronnies","description":"Site officiel de la mairie de Mirabel-aux-Baronnies","publisher":{"@id":"https:\/\/www.mirabel-aux-baronnies.fr\/s2\/#organization"},"alternateName":"Mirabel-aux-Baronnies","potentialAction":[{"@type":"SearchAction","target":{"@type":"EntryPoint","urlTemplate":"https:\/\/www.mirabel-aux-baronnies.fr\/s2\/?s={search_term_string}"},"query-input":{"@type":"PropertyValueSpecification","valueRequired":true,"valueName":"search_term_string"}}],"inLanguage":"fr-FR"},{"@type":"Organization","@id":"https:\/\/www.mirabel-aux-baronnies.fr\/s2\/#organization","name":"Mirabel aux Baronnies","alternateName":"Mirabel-aux-Baronnies","url":"https:\/\/www.mirabel-aux-baronnies.fr\/s2\/","logo":{"@type":"ImageObject","inLanguage":"fr-FR","@id":"https:\/\/www.mirabel-aux-baronnies.fr\/s2\/#\/schema\/logo\/image\/","url":"https:\/\/www.mirabel-aux-baronnies.fr\/s2\/wp-content\/uploads\/2024\/01\/mirabel11.jpg","contentUrl":"https:\/\/www.mirabel-aux-baronnies.fr\/s2\/wp-content\/uploads\/2024\/01\/mirabel11.jpg","width":610,"height":374,"caption":"Mirabel aux Baronnies"},"image":{"@id":"https:\/\/www.mirabel-aux-baronnies.fr\/s2\/#\/schema\/logo\/image\/"},"sameAs":["https:\/\/www.facebook.com\/mairiedemirabelauxbaronnies\/"]},{"@type":"Person","@id":"https:\/\/www.mirabel-aux-baronnies.fr\/s2\/#\/schema\/person\/9558139e501cdacef14fe78b6eca4e77","name":"Nathalie Zamora","image":{"@type":"ImageObject","inLanguage":"fr-FR","@id":"https:\/\/secure.gravatar.com\/avatar\/11b86b8c19625e9312ceda9afcf8d0dcf8e4cc5060d105cbb261504bc128661f?s=96&d=identicon&r=g","url":"https:\/\/secure.gravatar.com\/avatar\/11b86b8c19625e9312ceda9afcf8d0dcf8e4cc5060d105cbb261504bc128661f?s=96&d=identicon&r=g","contentUrl":"https:\/\/secure.gravatar.com\/avatar\/11b86b8c19625e9312ceda9afcf8d0dcf8e4cc5060d105cbb261504bc128661f?s=96&d=identicon&r=g","caption":"Nathalie Zamora"}}]}},"publishpress_future_action":{"enabled":false,"date":"2026-05-05 15:29:46","action":"change-status","newStatus":"draft","terms":[],"taxonomy":"category","extraData":[]},"publishpress_future_workflow_manual_trigger":{"enabledWorkflows":[]},"rttpg_featured_image_url":{"full":["https:\/\/www.mirabel-aux-baronnies.fr\/s2\/wp-content\/uploads\/2023\/03\/information-a-mairie-image.png",1664,1907,false],"landscape":["https:\/\/www.mirabel-aux-baronnies.fr\/s2\/wp-content\/uploads\/2023\/03\/information-a-mairie-image.png",1664,1907,false],"portraits":["https:\/\/www.mirabel-aux-baronnies.fr\/s2\/wp-content\/uploads\/2023\/03\/information-a-mairie-image.png",1664,1907,false],"thumbnail":["https:\/\/www.mirabel-aux-baronnies.fr\/s2\/wp-content\/uploads\/2023\/03\/information-a-mairie-image-150x150.png",150,150,true],"medium":["https:\/\/www.mirabel-aux-baronnies.fr\/s2\/wp-content\/uploads\/2023\/03\/information-a-mairie-image-300x300.png",300,300,true],"large":["https:\/\/www.mirabel-aux-baronnies.fr\/s2\/wp-content\/uploads\/2023\/03\/information-a-mairie-image-1024x1024.png",1024,1024,true],"1536x1536":["https:\/\/www.mirabel-aux-baronnies.fr\/s2\/wp-content\/uploads\/2023\/03\/information-a-mairie-image-1340x1536.png",1340,1536,true],"2048x2048":["https:\/\/www.mirabel-aux-baronnies.fr\/s2\/wp-content\/uploads\/2023\/03\/information-a-mairie-image.png",1664,1907,false],"post-thumbnail":["https:\/\/www.mirabel-aux-baronnies.fr\/s2\/wp-content\/uploads\/2023\/03\/information-a-mairie-image-280x180.png",280,180,true],"psacp-medium":["https:\/\/www.mirabel-aux-baronnies.fr\/s2\/wp-content\/uploads\/2023\/03\/information-a-mairie-image.png",436,500,false]},"rttpg_author":{"display_name":"Nathalie Zamora","author_link":"https:\/\/www.mirabel-aux-baronnies.fr\/s2\/author\/nathaliez\/"},"rttpg_comment":0,"rttpg_category":"<a href=\"https:\/\/www.mirabel-aux-baronnies.fr\/s2\/category\/actualites\/\" rel=\"category tag\">Actualit\u00e9s<\/a>","rttpg_excerpt":"Dr\u00f4mALMA : \u260e\ufe0f 04 75 86 10 10 ou le 3977.","_links":{"self":[{"href":"https:\/\/www.mirabel-aux-baronnies.fr\/s2\/wp-json\/wp\/v2\/posts\/5358","targetHints":{"allow":["GET"]}}],"collection":[{"href":"https:\/\/www.mirabel-aux-baronnies.fr\/s2\/wp-json\/wp\/v2\/posts"}],"about":[{"href":"https:\/\/www.mirabel-aux-baronnies.fr\/s2\/wp-json\/wp\/v2\/types\/post"}],"author":[{"embeddable":true,"href":"https:\/\/www.mirabel-aux-baronnies.fr\/s2\/wp-json\/wp\/v2\/users\/5"}],"replies":[{"embeddable":true,"href":"https:\/\/www.mirabel-aux-baronnies.fr\/s2\/wp-json\/wp\/v2\/comments?post=5358"}],"version-history":[{"count":3,"href":"https:\/\/www.mirabel-aux-baronnies.fr\/s2\/wp-json\/wp\/v2\/posts\/5358\/revisions"}],"predecessor-version":[{"id":5940,"href":"https:\/\/www.mirabel-aux-baronnies.fr\/s2\/wp-json\/wp\/v2\/posts\/5358\/revisions\/5940"}],"wp:featuredmedia":[{"embeddable":true,"href":"https:\/\/www.mirabel-aux-baronnies.fr\/s2\/wp-json\/wp\/v2\/media\/5359"}],"wp:attachment":[{"href":"https:\/\/www.mirabel-aux-baronnies.fr\/s2\/wp-json\/wp\/v2\/media?parent=5358"}],"wp:term":[{"taxonomy":"category","embeddable":true,"href":"https:\/\/www.mirabel-aux-baronnies.fr\/s2\/wp-json\/wp\/v2\/categories?post=5358"},{"taxonomy":"post_tag","embeddable":true,"href":"https:\/\/www.mirabel-aux-baronnies.fr\/s2\/wp-json\/wp\/v2\/tags?post=5358"}],"curies":[{"name":"wp","href":"https:\/\/api.w.org\/{rel}","templated":true}]}}