{"id":5553,"date":"2023-05-18T11:36:04","date_gmt":"2023-05-18T09:36:04","guid":{"rendered":"https:\/\/www.mirabel-aux-baronnies.fr\/s2\/?p=5553"},"modified":"2024-01-23T13:48:16","modified_gmt":"2024-01-23T12:48:16","slug":"halte-relais","status":"publish","type":"post","link":"https:\/\/www.mirabel-aux-baronnies.fr\/s2\/2023\/05\/18\/halte-relais\/","title":{"rendered":"Halte relais \u00e0 Nyons \u00b7 Maladie d&rsquo;Alzheimer"},"content":{"rendered":"\n<p>Vous avez un proche touch\u00e9 par la maladie d&rsquo;Alzheimer ou apparent\u00e9e ? Il y a une halte relais chaque jeudi de 14 \u00e0 17 heures au centre Saint-Vincent \u00e0 Nyons (30 rue Debiez).<\/p>\n\n\n\n<figure class=\"wp-block-image size-full\"><img fetchpriority=\"high\" decoding=\"async\" width=\"1240\" height=\"1675\" src=\"https:\/\/www.mirabel-aux-baronnies.fr\/s2\/wp-content\/uploads\/2023\/05\/halte-relais_20230516135338_page-0001.jpg\" alt=\"\" class=\"wp-image-5554\" srcset=\"https:\/\/www.mirabel-aux-baronnies.fr\/s2\/wp-content\/uploads\/2023\/05\/halte-relais_20230516135338_page-0001.jpg 1240w, https:\/\/www.mirabel-aux-baronnies.fr\/s2\/wp-content\/uploads\/2023\/05\/halte-relais_20230516135338_page-0001-1137x1536.jpg 1137w\" sizes=\"(max-width: 1240px) 100vw, 1240px\" \/><\/figure>\n","protected":false},"excerpt":{"rendered":"<p>Vous avez un proche touch\u00e9 par la maladie d&rsquo;Alzheimer ou apparent\u00e9e ? Il y a une halte relais chaque jeudi de 14 \u00e0 17 heures au centre Saint-Vincent \u00e0 Nyons (30 rue Debiez).<\/p>\n","protected":false},"author":3,"featured_media":5555,"comment_status":"closed","ping_status":"open","sticky":false,"template":"","format":"standard","meta":{"footnotes":""},"categories":[54],"tags":[90],"class_list":["post-5553","post","type-post","status-publish","format-standard","has-post-thumbnail","hentry","category-actualites","tag-informations"],"yoast_head":"<!-- This site is optimized with the Yoast SEO plugin v27.3 - https:\/\/yoast.com\/product\/yoast-seo-wordpress\/ -->\n<title>Halte relais \u00e0 Nyons \u00b7 Maladie d&#039;Alzheimer - Mirabel aux Baronnies<\/title>\n<meta name=\"robots\" content=\"noindex, follow\" \/>\n<meta property=\"og:locale\" content=\"fr_FR\" \/>\n<meta property=\"og:type\" content=\"article\" \/>\n<meta property=\"og:title\" content=\"Halte relais \u00e0 Nyons \u00b7 Maladie d&#039;Alzheimer - Mirabel aux Baronnies\" \/>\n<meta property=\"og:description\" content=\"Vous avez un proche touch\u00e9 par la maladie d&rsquo;Alzheimer ou apparent\u00e9e ? Il y a une halte relais chaque jeudi de 14 \u00e0 17 heures au centre Saint-Vincent \u00e0 Nyons (30 rue Debiez).\" \/>\n<meta property=\"og:url\" content=\"https:\/\/www.mirabel-aux-baronnies.fr\/s2\/2023\/05\/18\/halte-relais\/\" \/>\n<meta property=\"og:site_name\" content=\"Mirabel aux Baronnies\" \/>\n<meta property=\"article:publisher\" content=\"https:\/\/www.facebook.com\/mairiedemirabelauxbaronnies\/\" \/>\n<meta property=\"article:published_time\" content=\"2023-05-18T09:36:04+00:00\" \/>\n<meta property=\"article:modified_time\" content=\"2024-01-23T12:48:16+00:00\" \/>\n<meta property=\"og:image\" content=\"https:\/\/www.mirabel-aux-baronnies.fr\/s2\/wp-content\/uploads\/2023\/05\/comprendre_Alzheimer-e1484836658605.jpg\" \/>\n\t<meta property=\"og:image:width\" content=\"800\" \/>\n\t<meta property=\"og:image:height\" content=\"534\" \/>\n\t<meta property=\"og:image:type\" content=\"image\/jpeg\" \/>\n<meta name=\"author\" content=\"Sabine Adrien\" \/>\n<meta name=\"twitter:card\" content=\"summary_large_image\" \/>\n<meta name=\"twitter:label1\" content=\"\u00c9crit par\" \/>\n\t<meta name=\"twitter:data1\" content=\"Sabine Adrien\" \/>\n<script type=\"application\/ld+json\" class=\"yoast-schema-graph\">{\"@context\":\"https:\\\/\\\/schema.org\",\"@graph\":[{\"@type\":\"Article\",\"@id\":\"https:\\\/\\\/www.mirabel-aux-baronnies.fr\\\/s2\\\/2023\\\/05\\\/18\\\/halte-relais\\\/#article\",\"isPartOf\":{\"@id\":\"https:\\\/\\\/www.mirabel-aux-baronnies.fr\\\/s2\\\/2023\\\/05\\\/18\\\/halte-relais\\\/\"},\"author\":{\"name\":\"Sabine Adrien\",\"@id\":\"https:\\\/\\\/www.mirabel-aux-baronnies.fr\\\/s2\\\/#\\\/schema\\\/person\\\/b92616550f92addbe9ee408ffdff89fa\"},\"headline\":\"Halte relais \u00e0 Nyons \u00b7 Maladie d&rsquo;Alzheimer\",\"datePublished\":\"2023-05-18T09:36:04+00:00\",\"dateModified\":\"2024-01-23T12:48:16+00:00\",\"mainEntityOfPage\":{\"@id\":\"https:\\\/\\\/www.mirabel-aux-baronnies.fr\\\/s2\\\/2023\\\/05\\\/18\\\/halte-relais\\\/\"},\"wordCount\":33,\"publisher\":{\"@id\":\"https:\\\/\\\/www.mirabel-aux-baronnies.fr\\\/s2\\\/#organization\"},\"image\":{\"@id\":\"https:\\\/\\\/www.mirabel-aux-baronnies.fr\\\/s2\\\/2023\\\/05\\\/18\\\/halte-relais\\\/#primaryimage\"},\"thumbnailUrl\":\"https:\\\/\\\/www.mirabel-aux-baronnies.fr\\\/s2\\\/wp-content\\\/uploads\\\/2023\\\/05\\\/comprendre_Alzheimer-e1484836658605.jpg\",\"keywords\":[\"informations\"],\"articleSection\":[\"Actualit\u00e9s\"],\"inLanguage\":\"fr-FR\"},{\"@type\":\"WebPage\",\"@id\":\"https:\\\/\\\/www.mirabel-aux-baronnies.fr\\\/s2\\\/2023\\\/05\\\/18\\\/halte-relais\\\/\",\"url\":\"https:\\\/\\\/www.mirabel-aux-baronnies.fr\\\/s2\\\/2023\\\/05\\\/18\\\/halte-relais\\\/\",\"name\":\"Halte relais \u00e0 Nyons \u00b7 Maladie d'Alzheimer - Mirabel aux Baronnies\",\"isPartOf\":{\"@id\":\"https:\\\/\\\/www.mirabel-aux-baronnies.fr\\\/s2\\\/#website\"},\"primaryImageOfPage\":{\"@id\":\"https:\\\/\\\/www.mirabel-aux-baronnies.fr\\\/s2\\\/2023\\\/05\\\/18\\\/halte-relais\\\/#primaryimage\"},\"image\":{\"@id\":\"https:\\\/\\\/www.mirabel-aux-baronnies.fr\\\/s2\\\/2023\\\/05\\\/18\\\/halte-relais\\\/#primaryimage\"},\"thumbnailUrl\":\"https:\\\/\\\/www.mirabel-aux-baronnies.fr\\\/s2\\\/wp-content\\\/uploads\\\/2023\\\/05\\\/comprendre_Alzheimer-e1484836658605.jpg\",\"datePublished\":\"2023-05-18T09:36:04+00:00\",\"dateModified\":\"2024-01-23T12:48:16+00:00\",\"inLanguage\":\"fr-FR\",\"potentialAction\":[{\"@type\":\"ReadAction\",\"target\":[\"https:\\\/\\\/www.mirabel-aux-baronnies.fr\\\/s2\\\/2023\\\/05\\\/18\\\/halte-relais\\\/\"]}]},{\"@type\":\"ImageObject\",\"inLanguage\":\"fr-FR\",\"@id\":\"https:\\\/\\\/www.mirabel-aux-baronnies.fr\\\/s2\\\/2023\\\/05\\\/18\\\/halte-relais\\\/#primaryimage\",\"url\":\"https:\\\/\\\/www.mirabel-aux-baronnies.fr\\\/s2\\\/wp-content\\\/uploads\\\/2023\\\/05\\\/comprendre_Alzheimer-e1484836658605.jpg\",\"contentUrl\":\"https:\\\/\\\/www.mirabel-aux-baronnies.fr\\\/s2\\\/wp-content\\\/uploads\\\/2023\\\/05\\\/comprendre_Alzheimer-e1484836658605.jpg\",\"width\":800,\"height\":534,\"caption\":\"Halte relais \u00e0 Nyons, c'est la r\u00e9ouverture!\"},{\"@type\":\"WebSite\",\"@id\":\"https:\\\/\\\/www.mirabel-aux-baronnies.fr\\\/s2\\\/#website\",\"url\":\"https:\\\/\\\/www.mirabel-aux-baronnies.fr\\\/s2\\\/\",\"name\":\"Mirabel aux Baronnies\",\"description\":\"Site officiel de la mairie de Mirabel-aux-Baronnies\",\"publisher\":{\"@id\":\"https:\\\/\\\/www.mirabel-aux-baronnies.fr\\\/s2\\\/#organization\"},\"alternateName\":\"Mirabel-aux-Baronnies\",\"potentialAction\":[{\"@type\":\"SearchAction\",\"target\":{\"@type\":\"EntryPoint\",\"urlTemplate\":\"https:\\\/\\\/www.mirabel-aux-baronnies.fr\\\/s2\\\/?s={search_term_string}\"},\"query-input\":{\"@type\":\"PropertyValueSpecification\",\"valueRequired\":true,\"valueName\":\"search_term_string\"}}],\"inLanguage\":\"fr-FR\"},{\"@type\":\"Organization\",\"@id\":\"https:\\\/\\\/www.mirabel-aux-baronnies.fr\\\/s2\\\/#organization\",\"name\":\"Mirabel aux Baronnies\",\"alternateName\":\"Mirabel-aux-Baronnies\",\"url\":\"https:\\\/\\\/www.mirabel-aux-baronnies.fr\\\/s2\\\/\",\"logo\":{\"@type\":\"ImageObject\",\"inLanguage\":\"fr-FR\",\"@id\":\"https:\\\/\\\/www.mirabel-aux-baronnies.fr\\\/s2\\\/#\\\/schema\\\/logo\\\/image\\\/\",\"url\":\"https:\\\/\\\/www.mirabel-aux-baronnies.fr\\\/s2\\\/wp-content\\\/uploads\\\/2024\\\/01\\\/mirabel11.jpg\",\"contentUrl\":\"https:\\\/\\\/www.mirabel-aux-baronnies.fr\\\/s2\\\/wp-content\\\/uploads\\\/2024\\\/01\\\/mirabel11.jpg\",\"width\":610,\"height\":374,\"caption\":\"Mirabel aux Baronnies\"},\"image\":{\"@id\":\"https:\\\/\\\/www.mirabel-aux-baronnies.fr\\\/s2\\\/#\\\/schema\\\/logo\\\/image\\\/\"},\"sameAs\":[\"https:\\\/\\\/www.facebook.com\\\/mairiedemirabelauxbaronnies\\\/\"]},{\"@type\":\"Person\",\"@id\":\"https:\\\/\\\/www.mirabel-aux-baronnies.fr\\\/s2\\\/#\\\/schema\\\/person\\\/b92616550f92addbe9ee408ffdff89fa\",\"name\":\"Sabine Adrien\",\"image\":{\"@type\":\"ImageObject\",\"inLanguage\":\"fr-FR\",\"@id\":\"https:\\\/\\\/secure.gravatar.com\\\/avatar\\\/801f8e124f8bed5af931928151507ab05e8aaf1216e6ae180a9fc461a9ab15bf?s=96&d=identicon&r=g\",\"url\":\"https:\\\/\\\/secure.gravatar.com\\\/avatar\\\/801f8e124f8bed5af931928151507ab05e8aaf1216e6ae180a9fc461a9ab15bf?s=96&d=identicon&r=g\",\"contentUrl\":\"https:\\\/\\\/secure.gravatar.com\\\/avatar\\\/801f8e124f8bed5af931928151507ab05e8aaf1216e6ae180a9fc461a9ab15bf?s=96&d=identicon&r=g\",\"caption\":\"Sabine Adrien\"}}]}<\/script>\n<!-- \/ Yoast SEO plugin. -->","yoast_head_json":{"title":"Halte relais \u00e0 Nyons \u00b7 Maladie d'Alzheimer - Mirabel aux Baronnies","robots":{"index":"noindex","follow":"follow"},"og_locale":"fr_FR","og_type":"article","og_title":"Halte relais \u00e0 Nyons \u00b7 Maladie d'Alzheimer - Mirabel aux Baronnies","og_description":"Vous avez un proche touch\u00e9 par la maladie d&rsquo;Alzheimer ou apparent\u00e9e ? Il y a une halte relais chaque jeudi de 14 \u00e0 17 heures au centre Saint-Vincent \u00e0 Nyons (30 rue Debiez).","og_url":"https:\/\/www.mirabel-aux-baronnies.fr\/s2\/2023\/05\/18\/halte-relais\/","og_site_name":"Mirabel aux Baronnies","article_publisher":"https:\/\/www.facebook.com\/mairiedemirabelauxbaronnies\/","article_published_time":"2023-05-18T09:36:04+00:00","article_modified_time":"2024-01-23T12:48:16+00:00","og_image":[{"width":800,"height":534,"url":"https:\/\/www.mirabel-aux-baronnies.fr\/s2\/wp-content\/uploads\/2023\/05\/comprendre_Alzheimer-e1484836658605.jpg","type":"image\/jpeg"}],"author":"Sabine Adrien","twitter_card":"summary_large_image","twitter_misc":{"\u00c9crit par":"Sabine Adrien"},"schema":{"@context":"https:\/\/schema.org","@graph":[{"@type":"Article","@id":"https:\/\/www.mirabel-aux-baronnies.fr\/s2\/2023\/05\/18\/halte-relais\/#article","isPartOf":{"@id":"https:\/\/www.mirabel-aux-baronnies.fr\/s2\/2023\/05\/18\/halte-relais\/"},"author":{"name":"Sabine Adrien","@id":"https:\/\/www.mirabel-aux-baronnies.fr\/s2\/#\/schema\/person\/b92616550f92addbe9ee408ffdff89fa"},"headline":"Halte relais \u00e0 Nyons \u00b7 Maladie d&rsquo;Alzheimer","datePublished":"2023-05-18T09:36:04+00:00","dateModified":"2024-01-23T12:48:16+00:00","mainEntityOfPage":{"@id":"https:\/\/www.mirabel-aux-baronnies.fr\/s2\/2023\/05\/18\/halte-relais\/"},"wordCount":33,"publisher":{"@id":"https:\/\/www.mirabel-aux-baronnies.fr\/s2\/#organization"},"image":{"@id":"https:\/\/www.mirabel-aux-baronnies.fr\/s2\/2023\/05\/18\/halte-relais\/#primaryimage"},"thumbnailUrl":"https:\/\/www.mirabel-aux-baronnies.fr\/s2\/wp-content\/uploads\/2023\/05\/comprendre_Alzheimer-e1484836658605.jpg","keywords":["informations"],"articleSection":["Actualit\u00e9s"],"inLanguage":"fr-FR"},{"@type":"WebPage","@id":"https:\/\/www.mirabel-aux-baronnies.fr\/s2\/2023\/05\/18\/halte-relais\/","url":"https:\/\/www.mirabel-aux-baronnies.fr\/s2\/2023\/05\/18\/halte-relais\/","name":"Halte relais \u00e0 Nyons \u00b7 Maladie d'Alzheimer - Mirabel aux Baronnies","isPartOf":{"@id":"https:\/\/www.mirabel-aux-baronnies.fr\/s2\/#website"},"primaryImageOfPage":{"@id":"https:\/\/www.mirabel-aux-baronnies.fr\/s2\/2023\/05\/18\/halte-relais\/#primaryimage"},"image":{"@id":"https:\/\/www.mirabel-aux-baronnies.fr\/s2\/2023\/05\/18\/halte-relais\/#primaryimage"},"thumbnailUrl":"https:\/\/www.mirabel-aux-baronnies.fr\/s2\/wp-content\/uploads\/2023\/05\/comprendre_Alzheimer-e1484836658605.jpg","datePublished":"2023-05-18T09:36:04+00:00","dateModified":"2024-01-23T12:48:16+00:00","inLanguage":"fr-FR","potentialAction":[{"@type":"ReadAction","target":["https:\/\/www.mirabel-aux-baronnies.fr\/s2\/2023\/05\/18\/halte-relais\/"]}]},{"@type":"ImageObject","inLanguage":"fr-FR","@id":"https:\/\/www.mirabel-aux-baronnies.fr\/s2\/2023\/05\/18\/halte-relais\/#primaryimage","url":"https:\/\/www.mirabel-aux-baronnies.fr\/s2\/wp-content\/uploads\/2023\/05\/comprendre_Alzheimer-e1484836658605.jpg","contentUrl":"https:\/\/www.mirabel-aux-baronnies.fr\/s2\/wp-content\/uploads\/2023\/05\/comprendre_Alzheimer-e1484836658605.jpg","width":800,"height":534,"caption":"Halte relais \u00e0 Nyons, c'est la r\u00e9ouverture!"},{"@type":"WebSite","@id":"https:\/\/www.mirabel-aux-baronnies.fr\/s2\/#website","url":"https:\/\/www.mirabel-aux-baronnies.fr\/s2\/","name":"Mirabel aux Baronnies","description":"Site officiel de la mairie de Mirabel-aux-Baronnies","publisher":{"@id":"https:\/\/www.mirabel-aux-baronnies.fr\/s2\/#organization"},"alternateName":"Mirabel-aux-Baronnies","potentialAction":[{"@type":"SearchAction","target":{"@type":"EntryPoint","urlTemplate":"https:\/\/www.mirabel-aux-baronnies.fr\/s2\/?s={search_term_string}"},"query-input":{"@type":"PropertyValueSpecification","valueRequired":true,"valueName":"search_term_string"}}],"inLanguage":"fr-FR"},{"@type":"Organization","@id":"https:\/\/www.mirabel-aux-baronnies.fr\/s2\/#organization","name":"Mirabel aux Baronnies","alternateName":"Mirabel-aux-Baronnies","url":"https:\/\/www.mirabel-aux-baronnies.fr\/s2\/","logo":{"@type":"ImageObject","inLanguage":"fr-FR","@id":"https:\/\/www.mirabel-aux-baronnies.fr\/s2\/#\/schema\/logo\/image\/","url":"https:\/\/www.mirabel-aux-baronnies.fr\/s2\/wp-content\/uploads\/2024\/01\/mirabel11.jpg","contentUrl":"https:\/\/www.mirabel-aux-baronnies.fr\/s2\/wp-content\/uploads\/2024\/01\/mirabel11.jpg","width":610,"height":374,"caption":"Mirabel aux Baronnies"},"image":{"@id":"https:\/\/www.mirabel-aux-baronnies.fr\/s2\/#\/schema\/logo\/image\/"},"sameAs":["https:\/\/www.facebook.com\/mairiedemirabelauxbaronnies\/"]},{"@type":"Person","@id":"https:\/\/www.mirabel-aux-baronnies.fr\/s2\/#\/schema\/person\/b92616550f92addbe9ee408ffdff89fa","name":"Sabine Adrien","image":{"@type":"ImageObject","inLanguage":"fr-FR","@id":"https:\/\/secure.gravatar.com\/avatar\/801f8e124f8bed5af931928151507ab05e8aaf1216e6ae180a9fc461a9ab15bf?s=96&d=identicon&r=g","url":"https:\/\/secure.gravatar.com\/avatar\/801f8e124f8bed5af931928151507ab05e8aaf1216e6ae180a9fc461a9ab15bf?s=96&d=identicon&r=g","contentUrl":"https:\/\/secure.gravatar.com\/avatar\/801f8e124f8bed5af931928151507ab05e8aaf1216e6ae180a9fc461a9ab15bf?s=96&d=identicon&r=g","caption":"Sabine Adrien"}}]}},"publishpress_future_action":{"enabled":false,"date":"2026-05-06 13:04:10","action":"change-status","newStatus":"draft","terms":[],"taxonomy":"category","extraData":[]},"publishpress_future_workflow_manual_trigger":{"enabledWorkflows":[]},"rttpg_featured_image_url":{"full":["https:\/\/www.mirabel-aux-baronnies.fr\/s2\/wp-content\/uploads\/2023\/05\/comprendre_Alzheimer-e1484836658605.jpg",800,534,false],"landscape":["https:\/\/www.mirabel-aux-baronnies.fr\/s2\/wp-content\/uploads\/2023\/05\/comprendre_Alzheimer-e1484836658605.jpg",800,534,false],"portraits":["https:\/\/www.mirabel-aux-baronnies.fr\/s2\/wp-content\/uploads\/2023\/05\/comprendre_Alzheimer-e1484836658605.jpg",800,534,false],"thumbnail":["https:\/\/www.mirabel-aux-baronnies.fr\/s2\/wp-content\/uploads\/2023\/05\/comprendre_Alzheimer-e1484836658605-150x150.jpg",150,150,true],"medium":["https:\/\/www.mirabel-aux-baronnies.fr\/s2\/wp-content\/uploads\/2023\/05\/comprendre_Alzheimer-e1484836658605-300x300.jpg",300,300,true],"large":["https:\/\/www.mirabel-aux-baronnies.fr\/s2\/wp-content\/uploads\/2023\/05\/comprendre_Alzheimer-e1484836658605.jpg",800,534,false],"1536x1536":["https:\/\/www.mirabel-aux-baronnies.fr\/s2\/wp-content\/uploads\/2023\/05\/comprendre_Alzheimer-e1484836658605.jpg",800,534,false],"2048x2048":["https:\/\/www.mirabel-aux-baronnies.fr\/s2\/wp-content\/uploads\/2023\/05\/comprendre_Alzheimer-e1484836658605.jpg",800,534,false],"post-thumbnail":["https:\/\/www.mirabel-aux-baronnies.fr\/s2\/wp-content\/uploads\/2023\/05\/comprendre_Alzheimer-e1484836658605-280x180.jpg",280,180,true],"psacp-medium":["https:\/\/www.mirabel-aux-baronnies.fr\/s2\/wp-content\/uploads\/2023\/05\/comprendre_Alzheimer-e1484836658605.jpg",500,334,false]},"rttpg_author":{"display_name":"Sabine Adrien","author_link":"https:\/\/www.mirabel-aux-baronnies.fr\/s2\/author\/sabine\/"},"rttpg_comment":0,"rttpg_category":"<a href=\"https:\/\/www.mirabel-aux-baronnies.fr\/s2\/category\/actualites\/\" rel=\"category tag\">Actualit\u00e9s<\/a>","rttpg_excerpt":"Vous avez un proche touch\u00e9 par la maladie d&rsquo;Alzheimer ou apparent\u00e9e ? Il y a une halte relais chaque jeudi de 14 \u00e0 17 heures au centre Saint-Vincent \u00e0 Nyons (30 rue Debiez).","_links":{"self":[{"href":"https:\/\/www.mirabel-aux-baronnies.fr\/s2\/wp-json\/wp\/v2\/posts\/5553","targetHints":{"allow":["GET"]}}],"collection":[{"href":"https:\/\/www.mirabel-aux-baronnies.fr\/s2\/wp-json\/wp\/v2\/posts"}],"about":[{"href":"https:\/\/www.mirabel-aux-baronnies.fr\/s2\/wp-json\/wp\/v2\/types\/post"}],"author":[{"embeddable":true,"href":"https:\/\/www.mirabel-aux-baronnies.fr\/s2\/wp-json\/wp\/v2\/users\/3"}],"replies":[{"embeddable":true,"href":"https:\/\/www.mirabel-aux-baronnies.fr\/s2\/wp-json\/wp\/v2\/comments?post=5553"}],"version-history":[{"count":2,"href":"https:\/\/www.mirabel-aux-baronnies.fr\/s2\/wp-json\/wp\/v2\/posts\/5553\/revisions"}],"predecessor-version":[{"id":5946,"href":"https:\/\/www.mirabel-aux-baronnies.fr\/s2\/wp-json\/wp\/v2\/posts\/5553\/revisions\/5946"}],"wp:featuredmedia":[{"embeddable":true,"href":"https:\/\/www.mirabel-aux-baronnies.fr\/s2\/wp-json\/wp\/v2\/media\/5555"}],"wp:attachment":[{"href":"https:\/\/www.mirabel-aux-baronnies.fr\/s2\/wp-json\/wp\/v2\/media?parent=5553"}],"wp:term":[{"taxonomy":"category","embeddable":true,"href":"https:\/\/www.mirabel-aux-baronnies.fr\/s2\/wp-json\/wp\/v2\/categories?post=5553"},{"taxonomy":"post_tag","embeddable":true,"href":"https:\/\/www.mirabel-aux-baronnies.fr\/s2\/wp-json\/wp\/v2\/tags?post=5553"}],"curies":[{"name":"wp","href":"https:\/\/api.w.org\/{rel}","templated":true}]}}