{"id":6718,"date":"2024-01-15T09:02:40","date_gmt":"2024-01-15T08:02:40","guid":{"rendered":"https:\/\/www.mirabel-aux-baronnies.fr\/s2\/?p=6718"},"modified":"2024-12-16T17:44:58","modified_gmt":"2024-12-16T16:44:58","slug":"%e2%99%bb%ef%b8%8fobtenez-votre-composteur-individuel%e2%99%bb%ef%b8%8f","status":"publish","type":"post","link":"https:\/\/www.mirabel-aux-baronnies.fr\/s2\/2024\/01\/15\/%e2%99%bb%ef%b8%8fobtenez-votre-composteur-individuel%e2%99%bb%ef%b8%8f\/","title":{"rendered":"\u267b\ufe0fObtenez votre composteur individuel\u267b\ufe0f\u200b"},"content":{"rendered":"\n<p>\u00c0 compter du 1er janvier 2024, conform\u00e9ment au droit europ\u00e9en et \u00e0 la loi antigaspillage de 2020, le tri des biod\u00e9chets sera g\u00e9n\u00e9ralis\u00e9 et concernera tous les professionnels et les particuliers. <\/p>\n\n\n\n<p> \u00c0 compter de cette date, tous les Fran\u00e7ais devront&nbsp;poss\u00e9der un bac \u00e0 compost \u00e0 leur domicile ou d\u00e9poser leurs biod\u00e9chets dans les bacs de compost mis \u00e0 la disposition par les communes dans l&rsquo;espace public.<\/p>\n\n\n\n<p><strong>Afin de vous aider \u00e0 vous conformer \u00e0 la l\u00e9gislation en vigueur, la Communaut\u00e9 de Communes des Baronnies en Dr\u00f4me Proven\u00e7ale (CCBDP) vous propose \u00e0 la vente un composteur individuel pour la somme de 30\u20ac.<\/strong><\/p>\n\n\n\n<div class=\"wp-block-file\"><a id=\"wp-block-file--media-dace5e0c-ac05-4c33-b7f2-3532226ca619\" href=\"https:\/\/www.mirabel-aux-baronnies.fr\/s2\/wp-content\/uploads\/2024\/01\/Capture-decran-2024-12-16-172829-1.png\">Capture d&rsquo;\u00e9cran 2024-12-16 172829<\/a><a href=\"https:\/\/www.mirabel-aux-baronnies.fr\/s2\/wp-content\/uploads\/2024\/01\/Capture-decran-2024-12-16-172829-1.png\" class=\"wp-block-file__button wp-element-button\" download aria-describedby=\"wp-block-file--media-dace5e0c-ac05-4c33-b7f2-3532226ca619\">T\u00e9l\u00e9charger<\/a><\/div>\n\n\n\n<p>En pratique, quels sont les biod\u00e9chets \u00e0 traiter ?<\/p>\n\n\n\n<ul class=\"wp-block-list\">\n<li><strong>D\u00e9chets verts<\/strong>&nbsp;: tontes de pelouse et fauchage, feuilles mortes, tailles d\u2019arbustes, haies et brindilles ou encore d\u00e9chets ligneux issus de l\u2019\u00e9lagage et de l\u2019abattage d\u2019arbres et de haies.<\/li>\n\n\n\n<li><strong>D\u00e9chets alimentaires<\/strong>&nbsp;: restes de repas ou de pr\u00e9paration de repas ou produits p\u00e9rim\u00e9s non consomm\u00e9s.<\/li>\n<\/ul>\n\n\n\n<p><\/p>\n","protected":false},"excerpt":{"rendered":"<p>\u00c0 compter du 1er janvier 2024, conform\u00e9ment au droit europ\u00e9en et \u00e0 la loi antigaspillage de 2020, le tri des biod\u00e9chets sera g\u00e9n\u00e9ralis\u00e9 et concernera tous les professionnels et les particuliers. \u00c0 compter de cette date, tous les Fran\u00e7ais devront&nbsp;poss\u00e9der un bac \u00e0 compost \u00e0 leur domicile ou d\u00e9poser leurs biod\u00e9chets dans les bacs de [&hellip;]<\/p>\n","protected":false},"author":10,"featured_media":6723,"comment_status":"closed","ping_status":"open","sticky":false,"template":"","format":"standard","meta":{"footnotes":""},"categories":[54],"tags":[],"class_list":["post-6718","post","type-post","status-publish","format-standard","has-post-thumbnail","hentry","category-actualites"],"yoast_head":"<!-- This site is optimized with the Yoast SEO plugin v27.3 - https:\/\/yoast.com\/product\/yoast-seo-wordpress\/ -->\n<title>\u267b\ufe0fObtenez votre composteur individuel\u267b\ufe0f\u200b - Mirabel aux Baronnies<\/title>\n<meta name=\"robots\" content=\"noindex, follow\" \/>\n<meta property=\"og:locale\" content=\"fr_FR\" \/>\n<meta property=\"og:type\" content=\"article\" \/>\n<meta property=\"og:title\" content=\"\u267b\ufe0fObtenez votre composteur individuel\u267b\ufe0f\u200b - Mirabel aux Baronnies\" \/>\n<meta property=\"og:description\" content=\"\u00c0 compter du 1er janvier 2024, conform\u00e9ment au droit europ\u00e9en et \u00e0 la loi antigaspillage de 2020, le tri des biod\u00e9chets sera g\u00e9n\u00e9ralis\u00e9 et concernera tous les professionnels et les particuliers. \u00c0 compter de cette date, tous les Fran\u00e7ais devront&nbsp;poss\u00e9der un bac \u00e0 compost \u00e0 leur domicile ou d\u00e9poser leurs biod\u00e9chets dans les bacs de [&hellip;]\" \/>\n<meta property=\"og:url\" content=\"https:\/\/www.mirabel-aux-baronnies.fr\/s2\/2024\/01\/15\/\u267b\ufe0fobtenez-votre-composteur-individuel\u267b\ufe0f\/\" \/>\n<meta property=\"og:site_name\" content=\"Mirabel aux Baronnies\" \/>\n<meta property=\"article:publisher\" content=\"https:\/\/www.facebook.com\/mairiedemirabelauxbaronnies\/\" \/>\n<meta property=\"article:published_time\" content=\"2024-01-15T08:02:40+00:00\" \/>\n<meta property=\"article:modified_time\" content=\"2024-12-16T16:44:58+00:00\" \/>\n<meta property=\"og:image\" content=\"https:\/\/www.mirabel-aux-baronnies.fr\/s2\/wp-content\/uploads\/2024\/01\/biodechets.png\" \/>\n\t<meta property=\"og:image:width\" content=\"420\" \/>\n\t<meta property=\"og:image:height\" content=\"566\" \/>\n\t<meta property=\"og:image:type\" content=\"image\/png\" \/>\n<meta name=\"author\" content=\"Guede\" \/>\n<meta name=\"twitter:card\" content=\"summary_large_image\" \/>\n<meta name=\"twitter:label1\" content=\"\u00c9crit par\" \/>\n\t<meta name=\"twitter:data1\" content=\"Guede\" \/>\n\t<meta name=\"twitter:label2\" content=\"Dur\u00e9e de lecture estim\u00e9e\" \/>\n\t<meta name=\"twitter:data2\" content=\"1 minute\" \/>\n<script type=\"application\/ld+json\" class=\"yoast-schema-graph\">{\"@context\":\"https:\\\/\\\/schema.org\",\"@graph\":[{\"@type\":\"Article\",\"@id\":\"https:\\\/\\\/www.mirabel-aux-baronnies.fr\\\/s2\\\/2024\\\/01\\\/15\\\/%e2%99%bb%ef%b8%8fobtenez-votre-composteur-individuel%e2%99%bb%ef%b8%8f\\\/#article\",\"isPartOf\":{\"@id\":\"https:\\\/\\\/www.mirabel-aux-baronnies.fr\\\/s2\\\/2024\\\/01\\\/15\\\/%e2%99%bb%ef%b8%8fobtenez-votre-composteur-individuel%e2%99%bb%ef%b8%8f\\\/\"},\"author\":{\"name\":\"Guede\",\"@id\":\"https:\\\/\\\/www.mirabel-aux-baronnies.fr\\\/s2\\\/#\\\/schema\\\/person\\\/761eee9861bfd7099d60668a3f648821\"},\"headline\":\"\u267b\ufe0fObtenez votre composteur individuel\u267b\ufe0f\u200b\",\"datePublished\":\"2024-01-15T08:02:40+00:00\",\"dateModified\":\"2024-12-16T16:44:58+00:00\",\"mainEntityOfPage\":{\"@id\":\"https:\\\/\\\/www.mirabel-aux-baronnies.fr\\\/s2\\\/2024\\\/01\\\/15\\\/%e2%99%bb%ef%b8%8fobtenez-votre-composteur-individuel%e2%99%bb%ef%b8%8f\\\/\"},\"wordCount\":179,\"publisher\":{\"@id\":\"https:\\\/\\\/www.mirabel-aux-baronnies.fr\\\/s2\\\/#organization\"},\"image\":{\"@id\":\"https:\\\/\\\/www.mirabel-aux-baronnies.fr\\\/s2\\\/2024\\\/01\\\/15\\\/%e2%99%bb%ef%b8%8fobtenez-votre-composteur-individuel%e2%99%bb%ef%b8%8f\\\/#primaryimage\"},\"thumbnailUrl\":\"https:\\\/\\\/www.mirabel-aux-baronnies.fr\\\/s2\\\/wp-content\\\/uploads\\\/2024\\\/01\\\/biodechets.png\",\"articleSection\":[\"Actualit\u00e9s\"],\"inLanguage\":\"fr-FR\"},{\"@type\":\"WebPage\",\"@id\":\"https:\\\/\\\/www.mirabel-aux-baronnies.fr\\\/s2\\\/2024\\\/01\\\/15\\\/%e2%99%bb%ef%b8%8fobtenez-votre-composteur-individuel%e2%99%bb%ef%b8%8f\\\/\",\"url\":\"https:\\\/\\\/www.mirabel-aux-baronnies.fr\\\/s2\\\/2024\\\/01\\\/15\\\/%e2%99%bb%ef%b8%8fobtenez-votre-composteur-individuel%e2%99%bb%ef%b8%8f\\\/\",\"name\":\"\u267b\ufe0fObtenez votre composteur individuel\u267b\ufe0f\u200b - Mirabel aux Baronnies\",\"isPartOf\":{\"@id\":\"https:\\\/\\\/www.mirabel-aux-baronnies.fr\\\/s2\\\/#website\"},\"primaryImageOfPage\":{\"@id\":\"https:\\\/\\\/www.mirabel-aux-baronnies.fr\\\/s2\\\/2024\\\/01\\\/15\\\/%e2%99%bb%ef%b8%8fobtenez-votre-composteur-individuel%e2%99%bb%ef%b8%8f\\\/#primaryimage\"},\"image\":{\"@id\":\"https:\\\/\\\/www.mirabel-aux-baronnies.fr\\\/s2\\\/2024\\\/01\\\/15\\\/%e2%99%bb%ef%b8%8fobtenez-votre-composteur-individuel%e2%99%bb%ef%b8%8f\\\/#primaryimage\"},\"thumbnailUrl\":\"https:\\\/\\\/www.mirabel-aux-baronnies.fr\\\/s2\\\/wp-content\\\/uploads\\\/2024\\\/01\\\/biodechets.png\",\"datePublished\":\"2024-01-15T08:02:40+00:00\",\"dateModified\":\"2024-12-16T16:44:58+00:00\",\"inLanguage\":\"fr-FR\",\"potentialAction\":[{\"@type\":\"ReadAction\",\"target\":[\"https:\\\/\\\/www.mirabel-aux-baronnies.fr\\\/s2\\\/2024\\\/01\\\/15\\\/%e2%99%bb%ef%b8%8fobtenez-votre-composteur-individuel%e2%99%bb%ef%b8%8f\\\/\"]}]},{\"@type\":\"ImageObject\",\"inLanguage\":\"fr-FR\",\"@id\":\"https:\\\/\\\/www.mirabel-aux-baronnies.fr\\\/s2\\\/2024\\\/01\\\/15\\\/%e2%99%bb%ef%b8%8fobtenez-votre-composteur-individuel%e2%99%bb%ef%b8%8f\\\/#primaryimage\",\"url\":\"https:\\\/\\\/www.mirabel-aux-baronnies.fr\\\/s2\\\/wp-content\\\/uploads\\\/2024\\\/01\\\/biodechets.png\",\"contentUrl\":\"https:\\\/\\\/www.mirabel-aux-baronnies.fr\\\/s2\\\/wp-content\\\/uploads\\\/2024\\\/01\\\/biodechets.png\",\"width\":420,\"height\":566},{\"@type\":\"WebSite\",\"@id\":\"https:\\\/\\\/www.mirabel-aux-baronnies.fr\\\/s2\\\/#website\",\"url\":\"https:\\\/\\\/www.mirabel-aux-baronnies.fr\\\/s2\\\/\",\"name\":\"Mirabel aux Baronnies\",\"description\":\"Site officiel de la mairie de Mirabel-aux-Baronnies\",\"publisher\":{\"@id\":\"https:\\\/\\\/www.mirabel-aux-baronnies.fr\\\/s2\\\/#organization\"},\"alternateName\":\"Mirabel-aux-Baronnies\",\"potentialAction\":[{\"@type\":\"SearchAction\",\"target\":{\"@type\":\"EntryPoint\",\"urlTemplate\":\"https:\\\/\\\/www.mirabel-aux-baronnies.fr\\\/s2\\\/?s={search_term_string}\"},\"query-input\":{\"@type\":\"PropertyValueSpecification\",\"valueRequired\":true,\"valueName\":\"search_term_string\"}}],\"inLanguage\":\"fr-FR\"},{\"@type\":\"Organization\",\"@id\":\"https:\\\/\\\/www.mirabel-aux-baronnies.fr\\\/s2\\\/#organization\",\"name\":\"Mirabel aux Baronnies\",\"alternateName\":\"Mirabel-aux-Baronnies\",\"url\":\"https:\\\/\\\/www.mirabel-aux-baronnies.fr\\\/s2\\\/\",\"logo\":{\"@type\":\"ImageObject\",\"inLanguage\":\"fr-FR\",\"@id\":\"https:\\\/\\\/www.mirabel-aux-baronnies.fr\\\/s2\\\/#\\\/schema\\\/logo\\\/image\\\/\",\"url\":\"https:\\\/\\\/www.mirabel-aux-baronnies.fr\\\/s2\\\/wp-content\\\/uploads\\\/2024\\\/01\\\/mirabel11.jpg\",\"contentUrl\":\"https:\\\/\\\/www.mirabel-aux-baronnies.fr\\\/s2\\\/wp-content\\\/uploads\\\/2024\\\/01\\\/mirabel11.jpg\",\"width\":610,\"height\":374,\"caption\":\"Mirabel aux Baronnies\"},\"image\":{\"@id\":\"https:\\\/\\\/www.mirabel-aux-baronnies.fr\\\/s2\\\/#\\\/schema\\\/logo\\\/image\\\/\"},\"sameAs\":[\"https:\\\/\\\/www.facebook.com\\\/mairiedemirabelauxbaronnies\\\/\"]},{\"@type\":\"Person\",\"@id\":\"https:\\\/\\\/www.mirabel-aux-baronnies.fr\\\/s2\\\/#\\\/schema\\\/person\\\/761eee9861bfd7099d60668a3f648821\",\"name\":\"Guede\",\"image\":{\"@type\":\"ImageObject\",\"inLanguage\":\"fr-FR\",\"@id\":\"https:\\\/\\\/secure.gravatar.com\\\/avatar\\\/410dbe0902c3cabb2c3e2c629b4671485bd375abd5167006d68b5836f8fdfdc9?s=96&d=identicon&r=g\",\"url\":\"https:\\\/\\\/secure.gravatar.com\\\/avatar\\\/410dbe0902c3cabb2c3e2c629b4671485bd375abd5167006d68b5836f8fdfdc9?s=96&d=identicon&r=g\",\"contentUrl\":\"https:\\\/\\\/secure.gravatar.com\\\/avatar\\\/410dbe0902c3cabb2c3e2c629b4671485bd375abd5167006d68b5836f8fdfdc9?s=96&d=identicon&r=g\",\"caption\":\"Guede\"}}]}<\/script>\n<!-- \/ Yoast SEO plugin. -->","yoast_head_json":{"title":"\u267b\ufe0fObtenez votre composteur individuel\u267b\ufe0f\u200b - Mirabel aux Baronnies","robots":{"index":"noindex","follow":"follow"},"og_locale":"fr_FR","og_type":"article","og_title":"\u267b\ufe0fObtenez votre composteur individuel\u267b\ufe0f\u200b - Mirabel aux Baronnies","og_description":"\u00c0 compter du 1er janvier 2024, conform\u00e9ment au droit europ\u00e9en et \u00e0 la loi antigaspillage de 2020, le tri des biod\u00e9chets sera g\u00e9n\u00e9ralis\u00e9 et concernera tous les professionnels et les particuliers. \u00c0 compter de cette date, tous les Fran\u00e7ais devront&nbsp;poss\u00e9der un bac \u00e0 compost \u00e0 leur domicile ou d\u00e9poser leurs biod\u00e9chets dans les bacs de [&hellip;]","og_url":"https:\/\/www.mirabel-aux-baronnies.fr\/s2\/2024\/01\/15\/\u267b\ufe0fobtenez-votre-composteur-individuel\u267b\ufe0f\/","og_site_name":"Mirabel aux Baronnies","article_publisher":"https:\/\/www.facebook.com\/mairiedemirabelauxbaronnies\/","article_published_time":"2024-01-15T08:02:40+00:00","article_modified_time":"2024-12-16T16:44:58+00:00","og_image":[{"width":420,"height":566,"url":"https:\/\/www.mirabel-aux-baronnies.fr\/s2\/wp-content\/uploads\/2024\/01\/biodechets.png","type":"image\/png"}],"author":"Guede","twitter_card":"summary_large_image","twitter_misc":{"\u00c9crit par":"Guede","Dur\u00e9e de lecture estim\u00e9e":"1 minute"},"schema":{"@context":"https:\/\/schema.org","@graph":[{"@type":"Article","@id":"https:\/\/www.mirabel-aux-baronnies.fr\/s2\/2024\/01\/15\/%e2%99%bb%ef%b8%8fobtenez-votre-composteur-individuel%e2%99%bb%ef%b8%8f\/#article","isPartOf":{"@id":"https:\/\/www.mirabel-aux-baronnies.fr\/s2\/2024\/01\/15\/%e2%99%bb%ef%b8%8fobtenez-votre-composteur-individuel%e2%99%bb%ef%b8%8f\/"},"author":{"name":"Guede","@id":"https:\/\/www.mirabel-aux-baronnies.fr\/s2\/#\/schema\/person\/761eee9861bfd7099d60668a3f648821"},"headline":"\u267b\ufe0fObtenez votre composteur individuel\u267b\ufe0f\u200b","datePublished":"2024-01-15T08:02:40+00:00","dateModified":"2024-12-16T16:44:58+00:00","mainEntityOfPage":{"@id":"https:\/\/www.mirabel-aux-baronnies.fr\/s2\/2024\/01\/15\/%e2%99%bb%ef%b8%8fobtenez-votre-composteur-individuel%e2%99%bb%ef%b8%8f\/"},"wordCount":179,"publisher":{"@id":"https:\/\/www.mirabel-aux-baronnies.fr\/s2\/#organization"},"image":{"@id":"https:\/\/www.mirabel-aux-baronnies.fr\/s2\/2024\/01\/15\/%e2%99%bb%ef%b8%8fobtenez-votre-composteur-individuel%e2%99%bb%ef%b8%8f\/#primaryimage"},"thumbnailUrl":"https:\/\/www.mirabel-aux-baronnies.fr\/s2\/wp-content\/uploads\/2024\/01\/biodechets.png","articleSection":["Actualit\u00e9s"],"inLanguage":"fr-FR"},{"@type":"WebPage","@id":"https:\/\/www.mirabel-aux-baronnies.fr\/s2\/2024\/01\/15\/%e2%99%bb%ef%b8%8fobtenez-votre-composteur-individuel%e2%99%bb%ef%b8%8f\/","url":"https:\/\/www.mirabel-aux-baronnies.fr\/s2\/2024\/01\/15\/%e2%99%bb%ef%b8%8fobtenez-votre-composteur-individuel%e2%99%bb%ef%b8%8f\/","name":"\u267b\ufe0fObtenez votre composteur individuel\u267b\ufe0f\u200b - Mirabel aux Baronnies","isPartOf":{"@id":"https:\/\/www.mirabel-aux-baronnies.fr\/s2\/#website"},"primaryImageOfPage":{"@id":"https:\/\/www.mirabel-aux-baronnies.fr\/s2\/2024\/01\/15\/%e2%99%bb%ef%b8%8fobtenez-votre-composteur-individuel%e2%99%bb%ef%b8%8f\/#primaryimage"},"image":{"@id":"https:\/\/www.mirabel-aux-baronnies.fr\/s2\/2024\/01\/15\/%e2%99%bb%ef%b8%8fobtenez-votre-composteur-individuel%e2%99%bb%ef%b8%8f\/#primaryimage"},"thumbnailUrl":"https:\/\/www.mirabel-aux-baronnies.fr\/s2\/wp-content\/uploads\/2024\/01\/biodechets.png","datePublished":"2024-01-15T08:02:40+00:00","dateModified":"2024-12-16T16:44:58+00:00","inLanguage":"fr-FR","potentialAction":[{"@type":"ReadAction","target":["https:\/\/www.mirabel-aux-baronnies.fr\/s2\/2024\/01\/15\/%e2%99%bb%ef%b8%8fobtenez-votre-composteur-individuel%e2%99%bb%ef%b8%8f\/"]}]},{"@type":"ImageObject","inLanguage":"fr-FR","@id":"https:\/\/www.mirabel-aux-baronnies.fr\/s2\/2024\/01\/15\/%e2%99%bb%ef%b8%8fobtenez-votre-composteur-individuel%e2%99%bb%ef%b8%8f\/#primaryimage","url":"https:\/\/www.mirabel-aux-baronnies.fr\/s2\/wp-content\/uploads\/2024\/01\/biodechets.png","contentUrl":"https:\/\/www.mirabel-aux-baronnies.fr\/s2\/wp-content\/uploads\/2024\/01\/biodechets.png","width":420,"height":566},{"@type":"WebSite","@id":"https:\/\/www.mirabel-aux-baronnies.fr\/s2\/#website","url":"https:\/\/www.mirabel-aux-baronnies.fr\/s2\/","name":"Mirabel aux Baronnies","description":"Site officiel de la mairie de Mirabel-aux-Baronnies","publisher":{"@id":"https:\/\/www.mirabel-aux-baronnies.fr\/s2\/#organization"},"alternateName":"Mirabel-aux-Baronnies","potentialAction":[{"@type":"SearchAction","target":{"@type":"EntryPoint","urlTemplate":"https:\/\/www.mirabel-aux-baronnies.fr\/s2\/?s={search_term_string}"},"query-input":{"@type":"PropertyValueSpecification","valueRequired":true,"valueName":"search_term_string"}}],"inLanguage":"fr-FR"},{"@type":"Organization","@id":"https:\/\/www.mirabel-aux-baronnies.fr\/s2\/#organization","name":"Mirabel aux Baronnies","alternateName":"Mirabel-aux-Baronnies","url":"https:\/\/www.mirabel-aux-baronnies.fr\/s2\/","logo":{"@type":"ImageObject","inLanguage":"fr-FR","@id":"https:\/\/www.mirabel-aux-baronnies.fr\/s2\/#\/schema\/logo\/image\/","url":"https:\/\/www.mirabel-aux-baronnies.fr\/s2\/wp-content\/uploads\/2024\/01\/mirabel11.jpg","contentUrl":"https:\/\/www.mirabel-aux-baronnies.fr\/s2\/wp-content\/uploads\/2024\/01\/mirabel11.jpg","width":610,"height":374,"caption":"Mirabel aux Baronnies"},"image":{"@id":"https:\/\/www.mirabel-aux-baronnies.fr\/s2\/#\/schema\/logo\/image\/"},"sameAs":["https:\/\/www.facebook.com\/mairiedemirabelauxbaronnies\/"]},{"@type":"Person","@id":"https:\/\/www.mirabel-aux-baronnies.fr\/s2\/#\/schema\/person\/761eee9861bfd7099d60668a3f648821","name":"Guede","image":{"@type":"ImageObject","inLanguage":"fr-FR","@id":"https:\/\/secure.gravatar.com\/avatar\/410dbe0902c3cabb2c3e2c629b4671485bd375abd5167006d68b5836f8fdfdc9?s=96&d=identicon&r=g","url":"https:\/\/secure.gravatar.com\/avatar\/410dbe0902c3cabb2c3e2c629b4671485bd375abd5167006d68b5836f8fdfdc9?s=96&d=identicon&r=g","contentUrl":"https:\/\/secure.gravatar.com\/avatar\/410dbe0902c3cabb2c3e2c629b4671485bd375abd5167006d68b5836f8fdfdc9?s=96&d=identicon&r=g","caption":"Guede"}}]}},"publishpress_future_action":{"enabled":false,"date":"2026-05-09 11:09:19","action":"change-status","newStatus":"draft","terms":[],"taxonomy":"category","extraData":[]},"publishpress_future_workflow_manual_trigger":{"enabledWorkflows":[]},"rttpg_featured_image_url":{"full":["https:\/\/www.mirabel-aux-baronnies.fr\/s2\/wp-content\/uploads\/2024\/01\/biodechets.png",420,566,false],"landscape":["https:\/\/www.mirabel-aux-baronnies.fr\/s2\/wp-content\/uploads\/2024\/01\/biodechets.png",420,566,false],"portraits":["https:\/\/www.mirabel-aux-baronnies.fr\/s2\/wp-content\/uploads\/2024\/01\/biodechets.png",420,566,false],"thumbnail":["https:\/\/www.mirabel-aux-baronnies.fr\/s2\/wp-content\/uploads\/2024\/01\/biodechets-150x150.png",150,150,true],"medium":["https:\/\/www.mirabel-aux-baronnies.fr\/s2\/wp-content\/uploads\/2024\/01\/biodechets-300x300.png",300,300,true],"large":["https:\/\/www.mirabel-aux-baronnies.fr\/s2\/wp-content\/uploads\/2024\/01\/biodechets.png",420,566,false],"1536x1536":["https:\/\/www.mirabel-aux-baronnies.fr\/s2\/wp-content\/uploads\/2024\/01\/biodechets.png",420,566,false],"2048x2048":["https:\/\/www.mirabel-aux-baronnies.fr\/s2\/wp-content\/uploads\/2024\/01\/biodechets.png",420,566,false],"post-thumbnail":["https:\/\/www.mirabel-aux-baronnies.fr\/s2\/wp-content\/uploads\/2024\/01\/biodechets-280x180.png",280,180,true],"psacp-medium":["https:\/\/www.mirabel-aux-baronnies.fr\/s2\/wp-content\/uploads\/2024\/01\/biodechets.png",371,500,false]},"rttpg_author":{"display_name":"Guede","author_link":"https:\/\/www.mirabel-aux-baronnies.fr\/s2\/author\/guede496\/"},"rttpg_comment":0,"rttpg_category":"<a href=\"https:\/\/www.mirabel-aux-baronnies.fr\/s2\/category\/actualites\/\" rel=\"category tag\">Actualit\u00e9s<\/a>","rttpg_excerpt":"\u00c0 compter du 1er janvier 2024, conform\u00e9ment au droit europ\u00e9en et \u00e0 la loi antigaspillage de 2020, le tri des biod\u00e9chets sera g\u00e9n\u00e9ralis\u00e9 et concernera tous les professionnels et les particuliers. \u00c0 compter de cette date, tous les Fran\u00e7ais devront&nbsp;poss\u00e9der un bac \u00e0 compost \u00e0 leur domicile ou d\u00e9poser leurs biod\u00e9chets dans les bacs de\u2026","_links":{"self":[{"href":"https:\/\/www.mirabel-aux-baronnies.fr\/s2\/wp-json\/wp\/v2\/posts\/6718","targetHints":{"allow":["GET"]}}],"collection":[{"href":"https:\/\/www.mirabel-aux-baronnies.fr\/s2\/wp-json\/wp\/v2\/posts"}],"about":[{"href":"https:\/\/www.mirabel-aux-baronnies.fr\/s2\/wp-json\/wp\/v2\/types\/post"}],"author":[{"embeddable":true,"href":"https:\/\/www.mirabel-aux-baronnies.fr\/s2\/wp-json\/wp\/v2\/users\/10"}],"replies":[{"embeddable":true,"href":"https:\/\/www.mirabel-aux-baronnies.fr\/s2\/wp-json\/wp\/v2\/comments?post=6718"}],"version-history":[{"count":4,"href":"https:\/\/www.mirabel-aux-baronnies.fr\/s2\/wp-json\/wp\/v2\/posts\/6718\/revisions"}],"predecessor-version":[{"id":7363,"href":"https:\/\/www.mirabel-aux-baronnies.fr\/s2\/wp-json\/wp\/v2\/posts\/6718\/revisions\/7363"}],"wp:featuredmedia":[{"embeddable":true,"href":"https:\/\/www.mirabel-aux-baronnies.fr\/s2\/wp-json\/wp\/v2\/media\/6723"}],"wp:attachment":[{"href":"https:\/\/www.mirabel-aux-baronnies.fr\/s2\/wp-json\/wp\/v2\/media?parent=6718"}],"wp:term":[{"taxonomy":"category","embeddable":true,"href":"https:\/\/www.mirabel-aux-baronnies.fr\/s2\/wp-json\/wp\/v2\/categories?post=6718"},{"taxonomy":"post_tag","embeddable":true,"href":"https:\/\/www.mirabel-aux-baronnies.fr\/s2\/wp-json\/wp\/v2\/tags?post=6718"}],"curies":[{"name":"wp","href":"https:\/\/api.w.org\/{rel}","templated":true}]}}