{"id":6765,"date":"2024-01-22T14:50:25","date_gmt":"2024-01-22T13:50:25","guid":{"rendered":"https:\/\/www.mirabel-aux-baronnies.fr\/s2\/?p=6765"},"modified":"2024-01-22T14:51:48","modified_gmt":"2024-01-22T13:51:48","slug":"declarer-des-ruches","status":"publish","type":"post","link":"https:\/\/www.mirabel-aux-baronnies.fr\/s2\/2024\/01\/22\/declarer-des-ruches\/","title":{"rendered":"D\u00e9clarer des ruches"},"content":{"rendered":"\n<p>Une obligation annuelle.&nbsp;La possession de ruche pour une activit\u00e9 professionnelle ou pour une occupation de loisir n\u00e9cessite la d\u00e9claration du nombre de ruches et de leur emplacement d\u00e8s la premi\u00e8re colonie d\u2019abeilles d\u00e9tenue. Toutes les colonies sont \u00e0 d\u00e9clarer, quelle que soit leur taille, en ruches, ruchettes ou ruchettes de f\u00e9condation\/nuclei.<br>Cette d\u00e9claration concourt \u00e0 une meilleure connaissance du cheptel fran\u00e7ais et participe \u00e0 la gestion sanitaire du cheptel apicole fran\u00e7ais, notamment face \u00e0 la menace que repr\u00e9sente le parasite Aethina tumida. Elle permet aussi la mobilisation d\u2019aides europ\u00e9ennes pour la fili\u00e8re apicole fran\u00e7aise.<br>Pour qui.&nbsp;Les particuliers, les groupements, les associations, les entreprises, propri\u00e9taires ou d\u00e9tenteurs de ruche, par loisir ou \u00e0 des fins professionnelles, pour la production de miel, d\u2019essaims, de reines et d\u2019autres produits de la ruche.<br>Quand.&nbsp;La d\u00e9claration doit \u00eatre r\u00e9alis\u00e9e chaque ann\u00e9e, entre le 1er septembre et le 31 d\u00e9cembre.<br>Comment. Une nouvelle proc\u00e9dure simplifi\u00e9e de d\u00e9claration en ligne a \u00e9t\u00e9 mise en place sur le site :<strong>&nbsp;http:\/\/mesdemarches.agriculture.gouv.fr<\/strong><br>Cette proc\u00e9dure permet l\u2019obtention d\u2019un r\u00e9c\u00e9piss\u00e9 imm\u00e9diat. Elle se fait directement sans login ni mot de passe.<br>Cette proc\u00e9dure permet \u00e9galement aux nouveaux apiculteurs d\u2019obtenir leur num\u00e9ro d\u2019apiculteur (NAPI) de fa\u00e7on imm\u00e9diate.<\/p>\n\n\n\n<p><strong>Les abeilles sont en danger !<\/strong><br><strong>Depuis les ann\u00e9es 90, des colonies enti\u00e8res d\u2019abeilles sont d\u00e9cim\u00e9es et les abeilles sont menac\u00e9es de disparition.<\/strong><br>Les abeilles sont pr\u00e9cieuses, prot\u00e9geons-les !<br><strong>N\u2019utilisons plus de pesticides<\/strong>&nbsp;et plantons des fleurs ! Des dahlias, des lys, des coquelicots, les abeilles en raffolent !<br>Sauvons les abeilles en confectionnant notre insecticide naturel et sans danger pour les animaux !<br><strong>Pour se d\u00e9barrasser des pucerons et araign\u00e9es rouges :<\/strong><br>&#8211; Diluer 30 g de savon noir dans 1 litre d\u2019eau chaude. Laisser ti\u00e9dir et vaporiser.<br>&#8211; Tremper des orties dans un seau d\u2019eau pendant une semaine, ajouter de l\u2019eau pour diluer la d\u00e9coction et pulv\u00e9riser sur les plantes.<br>&#8211; Dissoudre 30 g de f\u00e9cule de pomme de terre dans 1 litre d\u2019eau chaude, ajouter une cuill\u00e8re \u00e0 caf\u00e9 de d\u00e9tergent liquide pour la vaisselle, remuer jusqu\u2019\u00e0 enti\u00e8re dissolution, laisser ti\u00e9dir. Remuer avant de vaporiser quotidiennement. Id\u00e9al pour se d\u00e9faire des aleurodes.<br><strong>Pour combattre les pucerons et aussi les maladies dues \u00e0 des champignons :<\/strong>&nbsp;Verser 1 litre d\u2019eau bouillante sur 4 gousses d\u2019ail hach\u00e9 menu, couvrer et laisser reposer 1 heure. Vaporiser sur les plantes 3 fois \u00e0 3 jours d\u2019intervalle. Pr\u00e9parer \u00e0 chaque fois une nouvelle solution car elle ne se conserve pas.<br><strong>Arroser avec un herbicide naturel !<\/strong>&nbsp;R\u00e9cup\u00e9rer l\u2019eau de cuisson des pommes de terre et arroser les all\u00e9es ou toute zone pour chasser la mauvaise herbe.<br><strong>Contre les escargots et les limaces :<\/strong>&nbsp;La cendre, le marc de caf\u00e9 et la sciure de bois sont tr\u00e8s efficaces.<\/p>\n","protected":false},"excerpt":{"rendered":"<p>Une obligation annuelle.&nbsp;La possession de ruche pour une activit\u00e9 professionnelle ou pour une occupation de loisir n\u00e9cessite la d\u00e9claration du nombre de ruches et de leur emplacement d\u00e8s la premi\u00e8re colonie d\u2019abeilles d\u00e9tenue. Toutes les colonies sont \u00e0 d\u00e9clarer, quelle que soit leur taille, en ruches, ruchettes ou ruchettes de f\u00e9condation\/nuclei.Cette d\u00e9claration concourt \u00e0 une [&hellip;]<\/p>\n","protected":false},"author":1,"featured_media":6766,"comment_status":"closed","ping_status":"open","sticky":false,"template":"","format":"standard","meta":{"footnotes":""},"categories":[54],"tags":[90],"class_list":["post-6765","post","type-post","status-publish","format-standard","has-post-thumbnail","hentry","category-actualites","tag-informations"],"yoast_head":"<!-- This site is optimized with the Yoast SEO plugin v27.3 - https:\/\/yoast.com\/product\/yoast-seo-wordpress\/ -->\n<title>D\u00e9clarer des ruches - Mirabel aux Baronnies<\/title>\n<meta name=\"robots\" content=\"noindex, follow\" \/>\n<meta property=\"og:locale\" content=\"fr_FR\" \/>\n<meta property=\"og:type\" content=\"article\" \/>\n<meta property=\"og:title\" content=\"D\u00e9clarer des ruches - Mirabel aux Baronnies\" \/>\n<meta property=\"og:description\" content=\"Une obligation annuelle.&nbsp;La possession de ruche pour une activit\u00e9 professionnelle ou pour une occupation de loisir n\u00e9cessite la d\u00e9claration du nombre de ruches et de leur emplacement d\u00e8s la premi\u00e8re colonie d\u2019abeilles d\u00e9tenue. Toutes les colonies sont \u00e0 d\u00e9clarer, quelle que soit leur taille, en ruches, ruchettes ou ruchettes de f\u00e9condation\/nuclei.Cette d\u00e9claration concourt \u00e0 une [&hellip;]\" \/>\n<meta property=\"og:url\" content=\"https:\/\/www.mirabel-aux-baronnies.fr\/s2\/2024\/01\/22\/declarer-des-ruches\/\" \/>\n<meta property=\"og:site_name\" content=\"Mirabel aux Baronnies\" \/>\n<meta property=\"article:publisher\" content=\"https:\/\/www.facebook.com\/mairiedemirabelauxbaronnies\/\" \/>\n<meta property=\"article:published_time\" content=\"2024-01-22T13:50:25+00:00\" \/>\n<meta property=\"article:modified_time\" content=\"2024-01-22T13:51:48+00:00\" \/>\n<meta property=\"og:image\" content=\"https:\/\/www.mirabel-aux-baronnies.fr\/s2\/wp-content\/uploads\/2024\/01\/ruche.jpg\" \/>\n\t<meta property=\"og:image:width\" content=\"1500\" \/>\n\t<meta property=\"og:image:height\" content=\"839\" \/>\n\t<meta property=\"og:image:type\" content=\"image\/jpeg\" \/>\n<meta name=\"author\" content=\"Marcio\" \/>\n<meta name=\"twitter:card\" content=\"summary_large_image\" \/>\n<meta name=\"twitter:label1\" content=\"\u00c9crit par\" \/>\n\t<meta name=\"twitter:data1\" content=\"Marcio\" \/>\n\t<meta name=\"twitter:label2\" content=\"Dur\u00e9e de lecture estim\u00e9e\" \/>\n\t<meta name=\"twitter:data2\" content=\"3 minutes\" \/>\n<script type=\"application\/ld+json\" class=\"yoast-schema-graph\">{\"@context\":\"https:\\\/\\\/schema.org\",\"@graph\":[{\"@type\":\"Article\",\"@id\":\"https:\\\/\\\/www.mirabel-aux-baronnies.fr\\\/s2\\\/2024\\\/01\\\/22\\\/declarer-des-ruches\\\/#article\",\"isPartOf\":{\"@id\":\"https:\\\/\\\/www.mirabel-aux-baronnies.fr\\\/s2\\\/2024\\\/01\\\/22\\\/declarer-des-ruches\\\/\"},\"author\":{\"name\":\"Marcio\",\"@id\":\"https:\\\/\\\/www.mirabel-aux-baronnies.fr\\\/s2\\\/#\\\/schema\\\/person\\\/15692512c6ae3ef7444ef466a08ea242\"},\"headline\":\"D\u00e9clarer des ruches\",\"datePublished\":\"2024-01-22T13:50:25+00:00\",\"dateModified\":\"2024-01-22T13:51:48+00:00\",\"mainEntityOfPage\":{\"@id\":\"https:\\\/\\\/www.mirabel-aux-baronnies.fr\\\/s2\\\/2024\\\/01\\\/22\\\/declarer-des-ruches\\\/\"},\"wordCount\":514,\"publisher\":{\"@id\":\"https:\\\/\\\/www.mirabel-aux-baronnies.fr\\\/s2\\\/#organization\"},\"image\":{\"@id\":\"https:\\\/\\\/www.mirabel-aux-baronnies.fr\\\/s2\\\/2024\\\/01\\\/22\\\/declarer-des-ruches\\\/#primaryimage\"},\"thumbnailUrl\":\"https:\\\/\\\/www.mirabel-aux-baronnies.fr\\\/s2\\\/wp-content\\\/uploads\\\/2024\\\/01\\\/ruche.jpg\",\"keywords\":[\"informations\"],\"articleSection\":[\"Actualit\u00e9s\"],\"inLanguage\":\"fr-FR\"},{\"@type\":\"WebPage\",\"@id\":\"https:\\\/\\\/www.mirabel-aux-baronnies.fr\\\/s2\\\/2024\\\/01\\\/22\\\/declarer-des-ruches\\\/\",\"url\":\"https:\\\/\\\/www.mirabel-aux-baronnies.fr\\\/s2\\\/2024\\\/01\\\/22\\\/declarer-des-ruches\\\/\",\"name\":\"D\u00e9clarer des ruches - Mirabel aux Baronnies\",\"isPartOf\":{\"@id\":\"https:\\\/\\\/www.mirabel-aux-baronnies.fr\\\/s2\\\/#website\"},\"primaryImageOfPage\":{\"@id\":\"https:\\\/\\\/www.mirabel-aux-baronnies.fr\\\/s2\\\/2024\\\/01\\\/22\\\/declarer-des-ruches\\\/#primaryimage\"},\"image\":{\"@id\":\"https:\\\/\\\/www.mirabel-aux-baronnies.fr\\\/s2\\\/2024\\\/01\\\/22\\\/declarer-des-ruches\\\/#primaryimage\"},\"thumbnailUrl\":\"https:\\\/\\\/www.mirabel-aux-baronnies.fr\\\/s2\\\/wp-content\\\/uploads\\\/2024\\\/01\\\/ruche.jpg\",\"datePublished\":\"2024-01-22T13:50:25+00:00\",\"dateModified\":\"2024-01-22T13:51:48+00:00\",\"inLanguage\":\"fr-FR\",\"potentialAction\":[{\"@type\":\"ReadAction\",\"target\":[\"https:\\\/\\\/www.mirabel-aux-baronnies.fr\\\/s2\\\/2024\\\/01\\\/22\\\/declarer-des-ruches\\\/\"]}]},{\"@type\":\"ImageObject\",\"inLanguage\":\"fr-FR\",\"@id\":\"https:\\\/\\\/www.mirabel-aux-baronnies.fr\\\/s2\\\/2024\\\/01\\\/22\\\/declarer-des-ruches\\\/#primaryimage\",\"url\":\"https:\\\/\\\/www.mirabel-aux-baronnies.fr\\\/s2\\\/wp-content\\\/uploads\\\/2024\\\/01\\\/ruche.jpg\",\"contentUrl\":\"https:\\\/\\\/www.mirabel-aux-baronnies.fr\\\/s2\\\/wp-content\\\/uploads\\\/2024\\\/01\\\/ruche.jpg\",\"width\":1500,\"height\":839},{\"@type\":\"WebSite\",\"@id\":\"https:\\\/\\\/www.mirabel-aux-baronnies.fr\\\/s2\\\/#website\",\"url\":\"https:\\\/\\\/www.mirabel-aux-baronnies.fr\\\/s2\\\/\",\"name\":\"Mirabel aux Baronnies\",\"description\":\"Site officiel de la mairie de Mirabel-aux-Baronnies\",\"publisher\":{\"@id\":\"https:\\\/\\\/www.mirabel-aux-baronnies.fr\\\/s2\\\/#organization\"},\"alternateName\":\"Mirabel-aux-Baronnies\",\"potentialAction\":[{\"@type\":\"SearchAction\",\"target\":{\"@type\":\"EntryPoint\",\"urlTemplate\":\"https:\\\/\\\/www.mirabel-aux-baronnies.fr\\\/s2\\\/?s={search_term_string}\"},\"query-input\":{\"@type\":\"PropertyValueSpecification\",\"valueRequired\":true,\"valueName\":\"search_term_string\"}}],\"inLanguage\":\"fr-FR\"},{\"@type\":\"Organization\",\"@id\":\"https:\\\/\\\/www.mirabel-aux-baronnies.fr\\\/s2\\\/#organization\",\"name\":\"Mirabel aux Baronnies\",\"alternateName\":\"Mirabel-aux-Baronnies\",\"url\":\"https:\\\/\\\/www.mirabel-aux-baronnies.fr\\\/s2\\\/\",\"logo\":{\"@type\":\"ImageObject\",\"inLanguage\":\"fr-FR\",\"@id\":\"https:\\\/\\\/www.mirabel-aux-baronnies.fr\\\/s2\\\/#\\\/schema\\\/logo\\\/image\\\/\",\"url\":\"https:\\\/\\\/www.mirabel-aux-baronnies.fr\\\/s2\\\/wp-content\\\/uploads\\\/2024\\\/01\\\/mirabel11.jpg\",\"contentUrl\":\"https:\\\/\\\/www.mirabel-aux-baronnies.fr\\\/s2\\\/wp-content\\\/uploads\\\/2024\\\/01\\\/mirabel11.jpg\",\"width\":610,\"height\":374,\"caption\":\"Mirabel aux Baronnies\"},\"image\":{\"@id\":\"https:\\\/\\\/www.mirabel-aux-baronnies.fr\\\/s2\\\/#\\\/schema\\\/logo\\\/image\\\/\"},\"sameAs\":[\"https:\\\/\\\/www.facebook.com\\\/mairiedemirabelauxbaronnies\\\/\"]},{\"@type\":\"Person\",\"@id\":\"https:\\\/\\\/www.mirabel-aux-baronnies.fr\\\/s2\\\/#\\\/schema\\\/person\\\/15692512c6ae3ef7444ef466a08ea242\",\"name\":\"Marcio\",\"image\":{\"@type\":\"ImageObject\",\"inLanguage\":\"fr-FR\",\"@id\":\"https:\\\/\\\/secure.gravatar.com\\\/avatar\\\/11241cf23b2d9d294076ac32a33d50dd62f262b44eda57251bcfcc98927de5d7?s=96&d=identicon&r=g\",\"url\":\"https:\\\/\\\/secure.gravatar.com\\\/avatar\\\/11241cf23b2d9d294076ac32a33d50dd62f262b44eda57251bcfcc98927de5d7?s=96&d=identicon&r=g\",\"contentUrl\":\"https:\\\/\\\/secure.gravatar.com\\\/avatar\\\/11241cf23b2d9d294076ac32a33d50dd62f262b44eda57251bcfcc98927de5d7?s=96&d=identicon&r=g\",\"caption\":\"Marcio\"},\"sameAs\":[\"https:\\\/\\\/www.mirabel-aux-baronnies.fr\\\/s2\\\/\"]}]}<\/script>\n<!-- \/ Yoast SEO plugin. -->","yoast_head_json":{"title":"D\u00e9clarer des ruches - Mirabel aux Baronnies","robots":{"index":"noindex","follow":"follow"},"og_locale":"fr_FR","og_type":"article","og_title":"D\u00e9clarer des ruches - Mirabel aux Baronnies","og_description":"Une obligation annuelle.&nbsp;La possession de ruche pour une activit\u00e9 professionnelle ou pour une occupation de loisir n\u00e9cessite la d\u00e9claration du nombre de ruches et de leur emplacement d\u00e8s la premi\u00e8re colonie d\u2019abeilles d\u00e9tenue. Toutes les colonies sont \u00e0 d\u00e9clarer, quelle que soit leur taille, en ruches, ruchettes ou ruchettes de f\u00e9condation\/nuclei.Cette d\u00e9claration concourt \u00e0 une [&hellip;]","og_url":"https:\/\/www.mirabel-aux-baronnies.fr\/s2\/2024\/01\/22\/declarer-des-ruches\/","og_site_name":"Mirabel aux Baronnies","article_publisher":"https:\/\/www.facebook.com\/mairiedemirabelauxbaronnies\/","article_published_time":"2024-01-22T13:50:25+00:00","article_modified_time":"2024-01-22T13:51:48+00:00","og_image":[{"width":1500,"height":839,"url":"https:\/\/www.mirabel-aux-baronnies.fr\/s2\/wp-content\/uploads\/2024\/01\/ruche.jpg","type":"image\/jpeg"}],"author":"Marcio","twitter_card":"summary_large_image","twitter_misc":{"\u00c9crit par":"Marcio","Dur\u00e9e de lecture estim\u00e9e":"3 minutes"},"schema":{"@context":"https:\/\/schema.org","@graph":[{"@type":"Article","@id":"https:\/\/www.mirabel-aux-baronnies.fr\/s2\/2024\/01\/22\/declarer-des-ruches\/#article","isPartOf":{"@id":"https:\/\/www.mirabel-aux-baronnies.fr\/s2\/2024\/01\/22\/declarer-des-ruches\/"},"author":{"name":"Marcio","@id":"https:\/\/www.mirabel-aux-baronnies.fr\/s2\/#\/schema\/person\/15692512c6ae3ef7444ef466a08ea242"},"headline":"D\u00e9clarer des ruches","datePublished":"2024-01-22T13:50:25+00:00","dateModified":"2024-01-22T13:51:48+00:00","mainEntityOfPage":{"@id":"https:\/\/www.mirabel-aux-baronnies.fr\/s2\/2024\/01\/22\/declarer-des-ruches\/"},"wordCount":514,"publisher":{"@id":"https:\/\/www.mirabel-aux-baronnies.fr\/s2\/#organization"},"image":{"@id":"https:\/\/www.mirabel-aux-baronnies.fr\/s2\/2024\/01\/22\/declarer-des-ruches\/#primaryimage"},"thumbnailUrl":"https:\/\/www.mirabel-aux-baronnies.fr\/s2\/wp-content\/uploads\/2024\/01\/ruche.jpg","keywords":["informations"],"articleSection":["Actualit\u00e9s"],"inLanguage":"fr-FR"},{"@type":"WebPage","@id":"https:\/\/www.mirabel-aux-baronnies.fr\/s2\/2024\/01\/22\/declarer-des-ruches\/","url":"https:\/\/www.mirabel-aux-baronnies.fr\/s2\/2024\/01\/22\/declarer-des-ruches\/","name":"D\u00e9clarer des ruches - Mirabel aux Baronnies","isPartOf":{"@id":"https:\/\/www.mirabel-aux-baronnies.fr\/s2\/#website"},"primaryImageOfPage":{"@id":"https:\/\/www.mirabel-aux-baronnies.fr\/s2\/2024\/01\/22\/declarer-des-ruches\/#primaryimage"},"image":{"@id":"https:\/\/www.mirabel-aux-baronnies.fr\/s2\/2024\/01\/22\/declarer-des-ruches\/#primaryimage"},"thumbnailUrl":"https:\/\/www.mirabel-aux-baronnies.fr\/s2\/wp-content\/uploads\/2024\/01\/ruche.jpg","datePublished":"2024-01-22T13:50:25+00:00","dateModified":"2024-01-22T13:51:48+00:00","inLanguage":"fr-FR","potentialAction":[{"@type":"ReadAction","target":["https:\/\/www.mirabel-aux-baronnies.fr\/s2\/2024\/01\/22\/declarer-des-ruches\/"]}]},{"@type":"ImageObject","inLanguage":"fr-FR","@id":"https:\/\/www.mirabel-aux-baronnies.fr\/s2\/2024\/01\/22\/declarer-des-ruches\/#primaryimage","url":"https:\/\/www.mirabel-aux-baronnies.fr\/s2\/wp-content\/uploads\/2024\/01\/ruche.jpg","contentUrl":"https:\/\/www.mirabel-aux-baronnies.fr\/s2\/wp-content\/uploads\/2024\/01\/ruche.jpg","width":1500,"height":839},{"@type":"WebSite","@id":"https:\/\/www.mirabel-aux-baronnies.fr\/s2\/#website","url":"https:\/\/www.mirabel-aux-baronnies.fr\/s2\/","name":"Mirabel aux Baronnies","description":"Site officiel de la mairie de Mirabel-aux-Baronnies","publisher":{"@id":"https:\/\/www.mirabel-aux-baronnies.fr\/s2\/#organization"},"alternateName":"Mirabel-aux-Baronnies","potentialAction":[{"@type":"SearchAction","target":{"@type":"EntryPoint","urlTemplate":"https:\/\/www.mirabel-aux-baronnies.fr\/s2\/?s={search_term_string}"},"query-input":{"@type":"PropertyValueSpecification","valueRequired":true,"valueName":"search_term_string"}}],"inLanguage":"fr-FR"},{"@type":"Organization","@id":"https:\/\/www.mirabel-aux-baronnies.fr\/s2\/#organization","name":"Mirabel aux Baronnies","alternateName":"Mirabel-aux-Baronnies","url":"https:\/\/www.mirabel-aux-baronnies.fr\/s2\/","logo":{"@type":"ImageObject","inLanguage":"fr-FR","@id":"https:\/\/www.mirabel-aux-baronnies.fr\/s2\/#\/schema\/logo\/image\/","url":"https:\/\/www.mirabel-aux-baronnies.fr\/s2\/wp-content\/uploads\/2024\/01\/mirabel11.jpg","contentUrl":"https:\/\/www.mirabel-aux-baronnies.fr\/s2\/wp-content\/uploads\/2024\/01\/mirabel11.jpg","width":610,"height":374,"caption":"Mirabel aux Baronnies"},"image":{"@id":"https:\/\/www.mirabel-aux-baronnies.fr\/s2\/#\/schema\/logo\/image\/"},"sameAs":["https:\/\/www.facebook.com\/mairiedemirabelauxbaronnies\/"]},{"@type":"Person","@id":"https:\/\/www.mirabel-aux-baronnies.fr\/s2\/#\/schema\/person\/15692512c6ae3ef7444ef466a08ea242","name":"Marcio","image":{"@type":"ImageObject","inLanguage":"fr-FR","@id":"https:\/\/secure.gravatar.com\/avatar\/11241cf23b2d9d294076ac32a33d50dd62f262b44eda57251bcfcc98927de5d7?s=96&d=identicon&r=g","url":"https:\/\/secure.gravatar.com\/avatar\/11241cf23b2d9d294076ac32a33d50dd62f262b44eda57251bcfcc98927de5d7?s=96&d=identicon&r=g","contentUrl":"https:\/\/secure.gravatar.com\/avatar\/11241cf23b2d9d294076ac32a33d50dd62f262b44eda57251bcfcc98927de5d7?s=96&d=identicon&r=g","caption":"Marcio"},"sameAs":["https:\/\/www.mirabel-aux-baronnies.fr\/s2\/"]}]}},"publishpress_future_action":{"enabled":false,"date":"2026-05-06 13:03:52","action":"change-status","newStatus":"draft","terms":[],"taxonomy":"category","extraData":[]},"publishpress_future_workflow_manual_trigger":{"enabledWorkflows":[]},"rttpg_featured_image_url":{"full":["https:\/\/www.mirabel-aux-baronnies.fr\/s2\/wp-content\/uploads\/2024\/01\/ruche.jpg",1500,839,false],"landscape":["https:\/\/www.mirabel-aux-baronnies.fr\/s2\/wp-content\/uploads\/2024\/01\/ruche.jpg",1500,839,false],"portraits":["https:\/\/www.mirabel-aux-baronnies.fr\/s2\/wp-content\/uploads\/2024\/01\/ruche.jpg",1500,839,false],"thumbnail":["https:\/\/www.mirabel-aux-baronnies.fr\/s2\/wp-content\/uploads\/2024\/01\/ruche-150x150.jpg",150,150,true],"medium":["https:\/\/www.mirabel-aux-baronnies.fr\/s2\/wp-content\/uploads\/2024\/01\/ruche-300x300.jpg",300,300,true],"large":["https:\/\/www.mirabel-aux-baronnies.fr\/s2\/wp-content\/uploads\/2024\/01\/ruche-1024x839.jpg",1024,839,true],"1536x1536":["https:\/\/www.mirabel-aux-baronnies.fr\/s2\/wp-content\/uploads\/2024\/01\/ruche.jpg",1500,839,false],"2048x2048":["https:\/\/www.mirabel-aux-baronnies.fr\/s2\/wp-content\/uploads\/2024\/01\/ruche.jpg",1500,839,false],"post-thumbnail":["https:\/\/www.mirabel-aux-baronnies.fr\/s2\/wp-content\/uploads\/2024\/01\/ruche-280x180.jpg",280,180,true],"psacp-medium":["https:\/\/www.mirabel-aux-baronnies.fr\/s2\/wp-content\/uploads\/2024\/01\/ruche.jpg",500,280,false]},"rttpg_author":{"display_name":"Marcio","author_link":"https:\/\/www.mirabel-aux-baronnies.fr\/s2\/author\/nl_marcio\/"},"rttpg_comment":0,"rttpg_category":"<a href=\"https:\/\/www.mirabel-aux-baronnies.fr\/s2\/category\/actualites\/\" rel=\"category tag\">Actualit\u00e9s<\/a>","rttpg_excerpt":"Une obligation annuelle.&nbsp;La possession de ruche pour une activit\u00e9 professionnelle ou pour une occupation de loisir n\u00e9cessite la d\u00e9claration du nombre de ruches et de leur emplacement d\u00e8s la premi\u00e8re colonie d\u2019abeilles d\u00e9tenue. Toutes les colonies sont \u00e0 d\u00e9clarer, quelle que soit leur taille, en ruches, ruchettes ou ruchettes de f\u00e9condation\/nuclei.Cette d\u00e9claration concourt \u00e0 une\u2026","_links":{"self":[{"href":"https:\/\/www.mirabel-aux-baronnies.fr\/s2\/wp-json\/wp\/v2\/posts\/6765","targetHints":{"allow":["GET"]}}],"collection":[{"href":"https:\/\/www.mirabel-aux-baronnies.fr\/s2\/wp-json\/wp\/v2\/posts"}],"about":[{"href":"https:\/\/www.mirabel-aux-baronnies.fr\/s2\/wp-json\/wp\/v2\/types\/post"}],"author":[{"embeddable":true,"href":"https:\/\/www.mirabel-aux-baronnies.fr\/s2\/wp-json\/wp\/v2\/users\/1"}],"replies":[{"embeddable":true,"href":"https:\/\/www.mirabel-aux-baronnies.fr\/s2\/wp-json\/wp\/v2\/comments?post=6765"}],"version-history":[{"count":1,"href":"https:\/\/www.mirabel-aux-baronnies.fr\/s2\/wp-json\/wp\/v2\/posts\/6765\/revisions"}],"predecessor-version":[{"id":6767,"href":"https:\/\/www.mirabel-aux-baronnies.fr\/s2\/wp-json\/wp\/v2\/posts\/6765\/revisions\/6767"}],"wp:featuredmedia":[{"embeddable":true,"href":"https:\/\/www.mirabel-aux-baronnies.fr\/s2\/wp-json\/wp\/v2\/media\/6766"}],"wp:attachment":[{"href":"https:\/\/www.mirabel-aux-baronnies.fr\/s2\/wp-json\/wp\/v2\/media?parent=6765"}],"wp:term":[{"taxonomy":"category","embeddable":true,"href":"https:\/\/www.mirabel-aux-baronnies.fr\/s2\/wp-json\/wp\/v2\/categories?post=6765"},{"taxonomy":"post_tag","embeddable":true,"href":"https:\/\/www.mirabel-aux-baronnies.fr\/s2\/wp-json\/wp\/v2\/tags?post=6765"}],"curies":[{"name":"wp","href":"https:\/\/api.w.org\/{rel}","templated":true}]}}