{"id":6771,"date":"2024-01-22T14:58:23","date_gmt":"2024-01-22T13:58:23","guid":{"rendered":"https:\/\/www.mirabel-aux-baronnies.fr\/s2\/?p=6771"},"modified":"2024-01-22T14:58:27","modified_gmt":"2024-01-22T13:58:27","slug":"cartes-nationales-didentite-et-passeports","status":"publish","type":"post","link":"https:\/\/www.mirabel-aux-baronnies.fr\/s2\/2024\/01\/22\/cartes-nationales-didentite-et-passeports\/","title":{"rendered":"Cartes nationales d&rsquo;identit\u00e9 et passeports"},"content":{"rendered":"\n<p><strong>Fa\u00eetes votre carte d&rsquo;identit\u00e9 et votre passeport \u00e0 la mairie de Mirabel-aux-Baronnies !<\/strong><\/p>\n\n\n\n<p>Bureau des Cartes Nationales d&rsquo;Identit\u00e9 et Passeports ouvert les :<\/p>\n\n\n\n<p><strong>LUNDIS, MARDIS et JEUDIS apr\u00e8s-midi.<\/strong><\/p>\n\n\n\n<p><strong>Pr\u00e9-demande et prise de rendez-vous&nbsp;OBLIGATOIRE&nbsp;sur le site :&nbsp;<a href=\"https:\/\/ants.gouv.fr\/\">ANTS &#8211; Accueil particulier<\/a><\/strong><\/p>\n\n\n\n<p>En cas de difficult\u00e9s prise de rendez-vous par t\u00e9l\u00e9phone au : 04.75.27.15.09 les :<\/p>\n\n\n\n<p><strong>LUNDIS, MARDIS et JEUDIS apr\u00e8s-midi.<\/strong><\/p>\n","protected":false},"excerpt":{"rendered":"<p>Fa\u00eetes votre carte d&rsquo;identit\u00e9 et votre passeport \u00e0 la mairie de Mirabel-aux-Baronnies ! Bureau des Cartes Nationales d&rsquo;Identit\u00e9 et Passeports ouvert les : LUNDIS, MARDIS et JEUDIS apr\u00e8s-midi. Pr\u00e9-demande et prise de rendez-vous&nbsp;OBLIGATOIRE&nbsp;sur le site :&nbsp;ANTS &#8211; Accueil particulier En cas de difficult\u00e9s prise de rendez-vous par t\u00e9l\u00e9phone au : 04.75.27.15.09 les : LUNDIS, MARDIS [&hellip;]<\/p>\n","protected":false},"author":1,"featured_media":6772,"comment_status":"closed","ping_status":"open","sticky":false,"template":"","format":"standard","meta":{"footnotes":""},"categories":[54],"tags":[90],"class_list":["post-6771","post","type-post","status-publish","format-standard","has-post-thumbnail","hentry","category-actualites","tag-informations"],"yoast_head":"<!-- This site is optimized with the Yoast SEO plugin v27.3 - https:\/\/yoast.com\/product\/yoast-seo-wordpress\/ -->\n<title>Cartes nationales d&#039;identit\u00e9 et passeports - Mirabel aux Baronnies<\/title>\n<meta name=\"robots\" content=\"noindex, follow\" \/>\n<meta property=\"og:locale\" content=\"fr_FR\" \/>\n<meta property=\"og:type\" content=\"article\" \/>\n<meta property=\"og:title\" content=\"Cartes nationales d&#039;identit\u00e9 et passeports - Mirabel aux Baronnies\" \/>\n<meta property=\"og:description\" content=\"Fa\u00eetes votre carte d&rsquo;identit\u00e9 et votre passeport \u00e0 la mairie de Mirabel-aux-Baronnies ! Bureau des Cartes Nationales d&rsquo;Identit\u00e9 et Passeports ouvert les : LUNDIS, MARDIS et JEUDIS apr\u00e8s-midi. Pr\u00e9-demande et prise de rendez-vous&nbsp;OBLIGATOIRE&nbsp;sur le site :&nbsp;ANTS &#8211; Accueil particulier En cas de difficult\u00e9s prise de rendez-vous par t\u00e9l\u00e9phone au : 04.75.27.15.09 les : LUNDIS, MARDIS [&hellip;]\" \/>\n<meta property=\"og:url\" content=\"https:\/\/www.mirabel-aux-baronnies.fr\/s2\/2024\/01\/22\/cartes-nationales-didentite-et-passeports\/\" \/>\n<meta property=\"og:site_name\" content=\"Mirabel aux Baronnies\" \/>\n<meta property=\"article:publisher\" content=\"https:\/\/www.facebook.com\/mairiedemirabelauxbaronnies\/\" \/>\n<meta property=\"article:published_time\" content=\"2024-01-22T13:58:23+00:00\" \/>\n<meta property=\"article:modified_time\" content=\"2024-01-22T13:58:27+00:00\" \/>\n<meta property=\"og:image\" content=\"https:\/\/www.mirabel-aux-baronnies.fr\/s2\/wp-content\/uploads\/2024\/01\/huge-26154267d46345b28c7fe095fa5fc4071.jpg\" \/>\n\t<meta property=\"og:image:width\" content=\"1200\" \/>\n\t<meta property=\"og:image:height\" content=\"750\" \/>\n\t<meta property=\"og:image:type\" content=\"image\/jpeg\" \/>\n<meta name=\"author\" content=\"Marcio\" \/>\n<meta name=\"twitter:card\" content=\"summary_large_image\" \/>\n<meta name=\"twitter:label1\" content=\"\u00c9crit par\" \/>\n\t<meta name=\"twitter:data1\" content=\"Marcio\" \/>\n<script type=\"application\/ld+json\" class=\"yoast-schema-graph\">{\"@context\":\"https:\\\/\\\/schema.org\",\"@graph\":[{\"@type\":\"Article\",\"@id\":\"https:\\\/\\\/www.mirabel-aux-baronnies.fr\\\/s2\\\/2024\\\/01\\\/22\\\/cartes-nationales-didentite-et-passeports\\\/#article\",\"isPartOf\":{\"@id\":\"https:\\\/\\\/www.mirabel-aux-baronnies.fr\\\/s2\\\/2024\\\/01\\\/22\\\/cartes-nationales-didentite-et-passeports\\\/\"},\"author\":{\"name\":\"Marcio\",\"@id\":\"https:\\\/\\\/www.mirabel-aux-baronnies.fr\\\/s2\\\/#\\\/schema\\\/person\\\/15692512c6ae3ef7444ef466a08ea242\"},\"headline\":\"Cartes nationales d&rsquo;identit\u00e9 et passeports\",\"datePublished\":\"2024-01-22T13:58:23+00:00\",\"dateModified\":\"2024-01-22T13:58:27+00:00\",\"mainEntityOfPage\":{\"@id\":\"https:\\\/\\\/www.mirabel-aux-baronnies.fr\\\/s2\\\/2024\\\/01\\\/22\\\/cartes-nationales-didentite-et-passeports\\\/\"},\"wordCount\":69,\"publisher\":{\"@id\":\"https:\\\/\\\/www.mirabel-aux-baronnies.fr\\\/s2\\\/#organization\"},\"image\":{\"@id\":\"https:\\\/\\\/www.mirabel-aux-baronnies.fr\\\/s2\\\/2024\\\/01\\\/22\\\/cartes-nationales-didentite-et-passeports\\\/#primaryimage\"},\"thumbnailUrl\":\"https:\\\/\\\/www.mirabel-aux-baronnies.fr\\\/s2\\\/wp-content\\\/uploads\\\/2024\\\/01\\\/huge-26154267d46345b28c7fe095fa5fc4071.jpg\",\"keywords\":[\"informations\"],\"articleSection\":[\"Actualit\u00e9s\"],\"inLanguage\":\"fr-FR\"},{\"@type\":\"WebPage\",\"@id\":\"https:\\\/\\\/www.mirabel-aux-baronnies.fr\\\/s2\\\/2024\\\/01\\\/22\\\/cartes-nationales-didentite-et-passeports\\\/\",\"url\":\"https:\\\/\\\/www.mirabel-aux-baronnies.fr\\\/s2\\\/2024\\\/01\\\/22\\\/cartes-nationales-didentite-et-passeports\\\/\",\"name\":\"Cartes nationales d'identit\u00e9 et passeports - Mirabel aux Baronnies\",\"isPartOf\":{\"@id\":\"https:\\\/\\\/www.mirabel-aux-baronnies.fr\\\/s2\\\/#website\"},\"primaryImageOfPage\":{\"@id\":\"https:\\\/\\\/www.mirabel-aux-baronnies.fr\\\/s2\\\/2024\\\/01\\\/22\\\/cartes-nationales-didentite-et-passeports\\\/#primaryimage\"},\"image\":{\"@id\":\"https:\\\/\\\/www.mirabel-aux-baronnies.fr\\\/s2\\\/2024\\\/01\\\/22\\\/cartes-nationales-didentite-et-passeports\\\/#primaryimage\"},\"thumbnailUrl\":\"https:\\\/\\\/www.mirabel-aux-baronnies.fr\\\/s2\\\/wp-content\\\/uploads\\\/2024\\\/01\\\/huge-26154267d46345b28c7fe095fa5fc4071.jpg\",\"datePublished\":\"2024-01-22T13:58:23+00:00\",\"dateModified\":\"2024-01-22T13:58:27+00:00\",\"inLanguage\":\"fr-FR\",\"potentialAction\":[{\"@type\":\"ReadAction\",\"target\":[\"https:\\\/\\\/www.mirabel-aux-baronnies.fr\\\/s2\\\/2024\\\/01\\\/22\\\/cartes-nationales-didentite-et-passeports\\\/\"]}]},{\"@type\":\"ImageObject\",\"inLanguage\":\"fr-FR\",\"@id\":\"https:\\\/\\\/www.mirabel-aux-baronnies.fr\\\/s2\\\/2024\\\/01\\\/22\\\/cartes-nationales-didentite-et-passeports\\\/#primaryimage\",\"url\":\"https:\\\/\\\/www.mirabel-aux-baronnies.fr\\\/s2\\\/wp-content\\\/uploads\\\/2024\\\/01\\\/huge-26154267d46345b28c7fe095fa5fc4071.jpg\",\"contentUrl\":\"https:\\\/\\\/www.mirabel-aux-baronnies.fr\\\/s2\\\/wp-content\\\/uploads\\\/2024\\\/01\\\/huge-26154267d46345b28c7fe095fa5fc4071.jpg\",\"width\":1200,\"height\":750},{\"@type\":\"WebSite\",\"@id\":\"https:\\\/\\\/www.mirabel-aux-baronnies.fr\\\/s2\\\/#website\",\"url\":\"https:\\\/\\\/www.mirabel-aux-baronnies.fr\\\/s2\\\/\",\"name\":\"Mirabel aux Baronnies\",\"description\":\"Site officiel de la mairie de Mirabel-aux-Baronnies\",\"publisher\":{\"@id\":\"https:\\\/\\\/www.mirabel-aux-baronnies.fr\\\/s2\\\/#organization\"},\"alternateName\":\"Mirabel-aux-Baronnies\",\"potentialAction\":[{\"@type\":\"SearchAction\",\"target\":{\"@type\":\"EntryPoint\",\"urlTemplate\":\"https:\\\/\\\/www.mirabel-aux-baronnies.fr\\\/s2\\\/?s={search_term_string}\"},\"query-input\":{\"@type\":\"PropertyValueSpecification\",\"valueRequired\":true,\"valueName\":\"search_term_string\"}}],\"inLanguage\":\"fr-FR\"},{\"@type\":\"Organization\",\"@id\":\"https:\\\/\\\/www.mirabel-aux-baronnies.fr\\\/s2\\\/#organization\",\"name\":\"Mirabel aux Baronnies\",\"alternateName\":\"Mirabel-aux-Baronnies\",\"url\":\"https:\\\/\\\/www.mirabel-aux-baronnies.fr\\\/s2\\\/\",\"logo\":{\"@type\":\"ImageObject\",\"inLanguage\":\"fr-FR\",\"@id\":\"https:\\\/\\\/www.mirabel-aux-baronnies.fr\\\/s2\\\/#\\\/schema\\\/logo\\\/image\\\/\",\"url\":\"https:\\\/\\\/www.mirabel-aux-baronnies.fr\\\/s2\\\/wp-content\\\/uploads\\\/2024\\\/01\\\/mirabel11.jpg\",\"contentUrl\":\"https:\\\/\\\/www.mirabel-aux-baronnies.fr\\\/s2\\\/wp-content\\\/uploads\\\/2024\\\/01\\\/mirabel11.jpg\",\"width\":610,\"height\":374,\"caption\":\"Mirabel aux Baronnies\"},\"image\":{\"@id\":\"https:\\\/\\\/www.mirabel-aux-baronnies.fr\\\/s2\\\/#\\\/schema\\\/logo\\\/image\\\/\"},\"sameAs\":[\"https:\\\/\\\/www.facebook.com\\\/mairiedemirabelauxbaronnies\\\/\"]},{\"@type\":\"Person\",\"@id\":\"https:\\\/\\\/www.mirabel-aux-baronnies.fr\\\/s2\\\/#\\\/schema\\\/person\\\/15692512c6ae3ef7444ef466a08ea242\",\"name\":\"Marcio\",\"image\":{\"@type\":\"ImageObject\",\"inLanguage\":\"fr-FR\",\"@id\":\"https:\\\/\\\/secure.gravatar.com\\\/avatar\\\/11241cf23b2d9d294076ac32a33d50dd62f262b44eda57251bcfcc98927de5d7?s=96&d=identicon&r=g\",\"url\":\"https:\\\/\\\/secure.gravatar.com\\\/avatar\\\/11241cf23b2d9d294076ac32a33d50dd62f262b44eda57251bcfcc98927de5d7?s=96&d=identicon&r=g\",\"contentUrl\":\"https:\\\/\\\/secure.gravatar.com\\\/avatar\\\/11241cf23b2d9d294076ac32a33d50dd62f262b44eda57251bcfcc98927de5d7?s=96&d=identicon&r=g\",\"caption\":\"Marcio\"},\"sameAs\":[\"https:\\\/\\\/www.mirabel-aux-baronnies.fr\\\/s2\\\/\"]}]}<\/script>\n<!-- \/ Yoast SEO plugin. -->","yoast_head_json":{"title":"Cartes nationales d'identit\u00e9 et passeports - Mirabel aux Baronnies","robots":{"index":"noindex","follow":"follow"},"og_locale":"fr_FR","og_type":"article","og_title":"Cartes nationales d'identit\u00e9 et passeports - Mirabel aux Baronnies","og_description":"Fa\u00eetes votre carte d&rsquo;identit\u00e9 et votre passeport \u00e0 la mairie de Mirabel-aux-Baronnies ! Bureau des Cartes Nationales d&rsquo;Identit\u00e9 et Passeports ouvert les : LUNDIS, MARDIS et JEUDIS apr\u00e8s-midi. Pr\u00e9-demande et prise de rendez-vous&nbsp;OBLIGATOIRE&nbsp;sur le site :&nbsp;ANTS &#8211; Accueil particulier En cas de difficult\u00e9s prise de rendez-vous par t\u00e9l\u00e9phone au : 04.75.27.15.09 les : LUNDIS, MARDIS [&hellip;]","og_url":"https:\/\/www.mirabel-aux-baronnies.fr\/s2\/2024\/01\/22\/cartes-nationales-didentite-et-passeports\/","og_site_name":"Mirabel aux Baronnies","article_publisher":"https:\/\/www.facebook.com\/mairiedemirabelauxbaronnies\/","article_published_time":"2024-01-22T13:58:23+00:00","article_modified_time":"2024-01-22T13:58:27+00:00","og_image":[{"width":1200,"height":750,"url":"https:\/\/www.mirabel-aux-baronnies.fr\/s2\/wp-content\/uploads\/2024\/01\/huge-26154267d46345b28c7fe095fa5fc4071.jpg","type":"image\/jpeg"}],"author":"Marcio","twitter_card":"summary_large_image","twitter_misc":{"\u00c9crit par":"Marcio"},"schema":{"@context":"https:\/\/schema.org","@graph":[{"@type":"Article","@id":"https:\/\/www.mirabel-aux-baronnies.fr\/s2\/2024\/01\/22\/cartes-nationales-didentite-et-passeports\/#article","isPartOf":{"@id":"https:\/\/www.mirabel-aux-baronnies.fr\/s2\/2024\/01\/22\/cartes-nationales-didentite-et-passeports\/"},"author":{"name":"Marcio","@id":"https:\/\/www.mirabel-aux-baronnies.fr\/s2\/#\/schema\/person\/15692512c6ae3ef7444ef466a08ea242"},"headline":"Cartes nationales d&rsquo;identit\u00e9 et passeports","datePublished":"2024-01-22T13:58:23+00:00","dateModified":"2024-01-22T13:58:27+00:00","mainEntityOfPage":{"@id":"https:\/\/www.mirabel-aux-baronnies.fr\/s2\/2024\/01\/22\/cartes-nationales-didentite-et-passeports\/"},"wordCount":69,"publisher":{"@id":"https:\/\/www.mirabel-aux-baronnies.fr\/s2\/#organization"},"image":{"@id":"https:\/\/www.mirabel-aux-baronnies.fr\/s2\/2024\/01\/22\/cartes-nationales-didentite-et-passeports\/#primaryimage"},"thumbnailUrl":"https:\/\/www.mirabel-aux-baronnies.fr\/s2\/wp-content\/uploads\/2024\/01\/huge-26154267d46345b28c7fe095fa5fc4071.jpg","keywords":["informations"],"articleSection":["Actualit\u00e9s"],"inLanguage":"fr-FR"},{"@type":"WebPage","@id":"https:\/\/www.mirabel-aux-baronnies.fr\/s2\/2024\/01\/22\/cartes-nationales-didentite-et-passeports\/","url":"https:\/\/www.mirabel-aux-baronnies.fr\/s2\/2024\/01\/22\/cartes-nationales-didentite-et-passeports\/","name":"Cartes nationales d'identit\u00e9 et passeports - Mirabel aux Baronnies","isPartOf":{"@id":"https:\/\/www.mirabel-aux-baronnies.fr\/s2\/#website"},"primaryImageOfPage":{"@id":"https:\/\/www.mirabel-aux-baronnies.fr\/s2\/2024\/01\/22\/cartes-nationales-didentite-et-passeports\/#primaryimage"},"image":{"@id":"https:\/\/www.mirabel-aux-baronnies.fr\/s2\/2024\/01\/22\/cartes-nationales-didentite-et-passeports\/#primaryimage"},"thumbnailUrl":"https:\/\/www.mirabel-aux-baronnies.fr\/s2\/wp-content\/uploads\/2024\/01\/huge-26154267d46345b28c7fe095fa5fc4071.jpg","datePublished":"2024-01-22T13:58:23+00:00","dateModified":"2024-01-22T13:58:27+00:00","inLanguage":"fr-FR","potentialAction":[{"@type":"ReadAction","target":["https:\/\/www.mirabel-aux-baronnies.fr\/s2\/2024\/01\/22\/cartes-nationales-didentite-et-passeports\/"]}]},{"@type":"ImageObject","inLanguage":"fr-FR","@id":"https:\/\/www.mirabel-aux-baronnies.fr\/s2\/2024\/01\/22\/cartes-nationales-didentite-et-passeports\/#primaryimage","url":"https:\/\/www.mirabel-aux-baronnies.fr\/s2\/wp-content\/uploads\/2024\/01\/huge-26154267d46345b28c7fe095fa5fc4071.jpg","contentUrl":"https:\/\/www.mirabel-aux-baronnies.fr\/s2\/wp-content\/uploads\/2024\/01\/huge-26154267d46345b28c7fe095fa5fc4071.jpg","width":1200,"height":750},{"@type":"WebSite","@id":"https:\/\/www.mirabel-aux-baronnies.fr\/s2\/#website","url":"https:\/\/www.mirabel-aux-baronnies.fr\/s2\/","name":"Mirabel aux Baronnies","description":"Site officiel de la mairie de Mirabel-aux-Baronnies","publisher":{"@id":"https:\/\/www.mirabel-aux-baronnies.fr\/s2\/#organization"},"alternateName":"Mirabel-aux-Baronnies","potentialAction":[{"@type":"SearchAction","target":{"@type":"EntryPoint","urlTemplate":"https:\/\/www.mirabel-aux-baronnies.fr\/s2\/?s={search_term_string}"},"query-input":{"@type":"PropertyValueSpecification","valueRequired":true,"valueName":"search_term_string"}}],"inLanguage":"fr-FR"},{"@type":"Organization","@id":"https:\/\/www.mirabel-aux-baronnies.fr\/s2\/#organization","name":"Mirabel aux Baronnies","alternateName":"Mirabel-aux-Baronnies","url":"https:\/\/www.mirabel-aux-baronnies.fr\/s2\/","logo":{"@type":"ImageObject","inLanguage":"fr-FR","@id":"https:\/\/www.mirabel-aux-baronnies.fr\/s2\/#\/schema\/logo\/image\/","url":"https:\/\/www.mirabel-aux-baronnies.fr\/s2\/wp-content\/uploads\/2024\/01\/mirabel11.jpg","contentUrl":"https:\/\/www.mirabel-aux-baronnies.fr\/s2\/wp-content\/uploads\/2024\/01\/mirabel11.jpg","width":610,"height":374,"caption":"Mirabel aux Baronnies"},"image":{"@id":"https:\/\/www.mirabel-aux-baronnies.fr\/s2\/#\/schema\/logo\/image\/"},"sameAs":["https:\/\/www.facebook.com\/mairiedemirabelauxbaronnies\/"]},{"@type":"Person","@id":"https:\/\/www.mirabel-aux-baronnies.fr\/s2\/#\/schema\/person\/15692512c6ae3ef7444ef466a08ea242","name":"Marcio","image":{"@type":"ImageObject","inLanguage":"fr-FR","@id":"https:\/\/secure.gravatar.com\/avatar\/11241cf23b2d9d294076ac32a33d50dd62f262b44eda57251bcfcc98927de5d7?s=96&d=identicon&r=g","url":"https:\/\/secure.gravatar.com\/avatar\/11241cf23b2d9d294076ac32a33d50dd62f262b44eda57251bcfcc98927de5d7?s=96&d=identicon&r=g","contentUrl":"https:\/\/secure.gravatar.com\/avatar\/11241cf23b2d9d294076ac32a33d50dd62f262b44eda57251bcfcc98927de5d7?s=96&d=identicon&r=g","caption":"Marcio"},"sameAs":["https:\/\/www.mirabel-aux-baronnies.fr\/s2\/"]}]}},"publishpress_future_action":{"enabled":false,"date":"2026-05-06 13:09:57","action":"change-status","newStatus":"draft","terms":[],"taxonomy":"category","extraData":[]},"publishpress_future_workflow_manual_trigger":{"enabledWorkflows":[]},"rttpg_featured_image_url":{"full":["https:\/\/www.mirabel-aux-baronnies.fr\/s2\/wp-content\/uploads\/2024\/01\/huge-26154267d46345b28c7fe095fa5fc4071.jpg",1200,750,false],"landscape":["https:\/\/www.mirabel-aux-baronnies.fr\/s2\/wp-content\/uploads\/2024\/01\/huge-26154267d46345b28c7fe095fa5fc4071.jpg",1200,750,false],"portraits":["https:\/\/www.mirabel-aux-baronnies.fr\/s2\/wp-content\/uploads\/2024\/01\/huge-26154267d46345b28c7fe095fa5fc4071.jpg",1200,750,false],"thumbnail":["https:\/\/www.mirabel-aux-baronnies.fr\/s2\/wp-content\/uploads\/2024\/01\/huge-26154267d46345b28c7fe095fa5fc4071-150x150.jpg",150,150,true],"medium":["https:\/\/www.mirabel-aux-baronnies.fr\/s2\/wp-content\/uploads\/2024\/01\/huge-26154267d46345b28c7fe095fa5fc4071-300x300.jpg",300,300,true],"large":["https:\/\/www.mirabel-aux-baronnies.fr\/s2\/wp-content\/uploads\/2024\/01\/huge-26154267d46345b28c7fe095fa5fc4071-1024x750.jpg",1024,750,true],"1536x1536":["https:\/\/www.mirabel-aux-baronnies.fr\/s2\/wp-content\/uploads\/2024\/01\/huge-26154267d46345b28c7fe095fa5fc4071.jpg",1200,750,false],"2048x2048":["https:\/\/www.mirabel-aux-baronnies.fr\/s2\/wp-content\/uploads\/2024\/01\/huge-26154267d46345b28c7fe095fa5fc4071.jpg",1200,750,false],"post-thumbnail":["https:\/\/www.mirabel-aux-baronnies.fr\/s2\/wp-content\/uploads\/2024\/01\/huge-26154267d46345b28c7fe095fa5fc4071-280x180.jpg",280,180,true],"psacp-medium":["https:\/\/www.mirabel-aux-baronnies.fr\/s2\/wp-content\/uploads\/2024\/01\/huge-26154267d46345b28c7fe095fa5fc4071.jpg",500,313,false]},"rttpg_author":{"display_name":"Marcio","author_link":"https:\/\/www.mirabel-aux-baronnies.fr\/s2\/author\/nl_marcio\/"},"rttpg_comment":0,"rttpg_category":"<a href=\"https:\/\/www.mirabel-aux-baronnies.fr\/s2\/category\/actualites\/\" rel=\"category tag\">Actualit\u00e9s<\/a>","rttpg_excerpt":"Fa\u00eetes votre carte d&rsquo;identit\u00e9 et votre passeport \u00e0 la mairie de Mirabel-aux-Baronnies ! Bureau des Cartes Nationales d&rsquo;Identit\u00e9 et Passeports ouvert les : LUNDIS, MARDIS et JEUDIS apr\u00e8s-midi. Pr\u00e9-demande et prise de rendez-vous&nbsp;OBLIGATOIRE&nbsp;sur le site :&nbsp;ANTS &#8211; Accueil particulier En cas de difficult\u00e9s prise de rendez-vous par t\u00e9l\u00e9phone au : 04.75.27.15.09 les : LUNDIS, MARDIS\u2026","_links":{"self":[{"href":"https:\/\/www.mirabel-aux-baronnies.fr\/s2\/wp-json\/wp\/v2\/posts\/6771","targetHints":{"allow":["GET"]}}],"collection":[{"href":"https:\/\/www.mirabel-aux-baronnies.fr\/s2\/wp-json\/wp\/v2\/posts"}],"about":[{"href":"https:\/\/www.mirabel-aux-baronnies.fr\/s2\/wp-json\/wp\/v2\/types\/post"}],"author":[{"embeddable":true,"href":"https:\/\/www.mirabel-aux-baronnies.fr\/s2\/wp-json\/wp\/v2\/users\/1"}],"replies":[{"embeddable":true,"href":"https:\/\/www.mirabel-aux-baronnies.fr\/s2\/wp-json\/wp\/v2\/comments?post=6771"}],"version-history":[{"count":1,"href":"https:\/\/www.mirabel-aux-baronnies.fr\/s2\/wp-json\/wp\/v2\/posts\/6771\/revisions"}],"predecessor-version":[{"id":6773,"href":"https:\/\/www.mirabel-aux-baronnies.fr\/s2\/wp-json\/wp\/v2\/posts\/6771\/revisions\/6773"}],"wp:featuredmedia":[{"embeddable":true,"href":"https:\/\/www.mirabel-aux-baronnies.fr\/s2\/wp-json\/wp\/v2\/media\/6772"}],"wp:attachment":[{"href":"https:\/\/www.mirabel-aux-baronnies.fr\/s2\/wp-json\/wp\/v2\/media?parent=6771"}],"wp:term":[{"taxonomy":"category","embeddable":true,"href":"https:\/\/www.mirabel-aux-baronnies.fr\/s2\/wp-json\/wp\/v2\/categories?post=6771"},{"taxonomy":"post_tag","embeddable":true,"href":"https:\/\/www.mirabel-aux-baronnies.fr\/s2\/wp-json\/wp\/v2\/tags?post=6771"}],"curies":[{"name":"wp","href":"https:\/\/api.w.org\/{rel}","templated":true}]}}