{"id":6852,"date":"2024-03-18T13:38:13","date_gmt":"2024-03-18T12:38:13","guid":{"rendered":"https:\/\/www.mirabel-aux-baronnies.fr\/s2\/?p=6852"},"modified":"2024-03-18T13:38:17","modified_gmt":"2024-03-18T12:38:17","slug":"zad-du-cimetiere-a-mirabel-aux-baronnies","status":"publish","type":"post","link":"https:\/\/www.mirabel-aux-baronnies.fr\/s2\/2024\/03\/18\/zad-du-cimetiere-a-mirabel-aux-baronnies\/","title":{"rendered":"ZAD du cimeti\u00e8re \u00e0 Mirabel-aux-Baronnies"},"content":{"rendered":"\n<p>Pour consulter l&rsquo;arr\u00eat\u00e9 pr\u00e9fectoral portant sur la cr\u00e9ation d&rsquo;une zone d&rsquo;am\u00e9nagement diff\u00e9r\u00e9 (ZAD) sur le territoire de la commune de Mirabel-aux-Baronnies, veuillez cliquer ci-dessous :<\/p>\n\n\n\n<p> <\/p>\n\n\n\n<div data-wp-interactive=\"core\/file\" class=\"wp-block-file\"><object data-wp-bind--hidden=\"!state.hasPdfPreview\" hidden class=\"wp-block-file__embed\" data=\"https:\/\/www.mirabel-aux-baronnies.fr\/s2\/wp-content\/uploads\/2024\/03\/2024-02-22-ZAD-arrete.pdf\" type=\"application\/pdf\" style=\"width:100%;height:600px\" aria-label=\"Contenu embarqu\u00e9 2024-02-22-ZAD-arrete.\"><\/object><a id=\"wp-block-file--media-c338519a-59d0-4259-b032-7627eeafda84\" href=\"https:\/\/www.mirabel-aux-baronnies.fr\/s2\/wp-content\/uploads\/2024\/03\/2024-02-22-ZAD-arrete.pdf\">2024-02-22-ZAD-arrete<\/a><a href=\"https:\/\/www.mirabel-aux-baronnies.fr\/s2\/wp-content\/uploads\/2024\/03\/2024-02-22-ZAD-arrete.pdf\" class=\"wp-block-file__button wp-element-button\" download aria-describedby=\"wp-block-file--media-c338519a-59d0-4259-b032-7627eeafda84\">T\u00e9l\u00e9charger<\/a><\/div>\n","protected":false},"excerpt":{"rendered":"<p>Pour consulter l&rsquo;arr\u00eat\u00e9 pr\u00e9fectoral portant sur la cr\u00e9ation d&rsquo;une zone d&rsquo;am\u00e9nagement diff\u00e9r\u00e9 (ZAD) sur le territoire de la commune de Mirabel-aux-Baronnies, veuillez cliquer ci-dessous :<\/p>\n","protected":false},"author":10,"featured_media":6854,"comment_status":"closed","ping_status":"open","sticky":false,"template":"","format":"standard","meta":{"footnotes":""},"categories":[54],"tags":[90],"class_list":["post-6852","post","type-post","status-publish","format-standard","has-post-thumbnail","hentry","category-actualites","tag-informations"],"yoast_head":"<!-- This site is optimized with the Yoast SEO plugin v27.3 - https:\/\/yoast.com\/product\/yoast-seo-wordpress\/ -->\n<title>ZAD du cimeti\u00e8re \u00e0 Mirabel-aux-Baronnies - Mirabel aux Baronnies<\/title>\n<meta name=\"robots\" content=\"noindex, follow\" \/>\n<meta property=\"og:locale\" content=\"fr_FR\" \/>\n<meta property=\"og:type\" content=\"article\" \/>\n<meta property=\"og:title\" content=\"ZAD du cimeti\u00e8re \u00e0 Mirabel-aux-Baronnies - Mirabel aux Baronnies\" \/>\n<meta property=\"og:description\" content=\"Pour consulter l&rsquo;arr\u00eat\u00e9 pr\u00e9fectoral portant sur la cr\u00e9ation d&rsquo;une zone d&rsquo;am\u00e9nagement diff\u00e9r\u00e9 (ZAD) sur le territoire de la commune de Mirabel-aux-Baronnies, veuillez cliquer ci-dessous :\" \/>\n<meta property=\"og:url\" content=\"https:\/\/www.mirabel-aux-baronnies.fr\/s2\/2024\/03\/18\/zad-du-cimetiere-a-mirabel-aux-baronnies\/\" \/>\n<meta property=\"og:site_name\" content=\"Mirabel aux Baronnies\" \/>\n<meta property=\"article:publisher\" content=\"https:\/\/www.facebook.com\/mairiedemirabelauxbaronnies\/\" \/>\n<meta property=\"article:published_time\" content=\"2024-03-18T12:38:13+00:00\" \/>\n<meta property=\"article:modified_time\" content=\"2024-03-18T12:38:17+00:00\" \/>\n<meta property=\"og:image\" content=\"https:\/\/www.mirabel-aux-baronnies.fr\/s2\/wp-content\/uploads\/2024\/03\/istockphoto-1597857487-612x612-1.jpg\" \/>\n\t<meta property=\"og:image:width\" content=\"612\" \/>\n\t<meta property=\"og:image:height\" content=\"245\" \/>\n\t<meta property=\"og:image:type\" content=\"image\/jpeg\" \/>\n<meta name=\"author\" content=\"Guede\" \/>\n<meta name=\"twitter:card\" content=\"summary_large_image\" \/>\n<meta name=\"twitter:label1\" content=\"\u00c9crit par\" \/>\n\t<meta name=\"twitter:data1\" content=\"Guede\" \/>\n<script type=\"application\/ld+json\" class=\"yoast-schema-graph\">{\"@context\":\"https:\\\/\\\/schema.org\",\"@graph\":[{\"@type\":\"Article\",\"@id\":\"https:\\\/\\\/www.mirabel-aux-baronnies.fr\\\/s2\\\/2024\\\/03\\\/18\\\/zad-du-cimetiere-a-mirabel-aux-baronnies\\\/#article\",\"isPartOf\":{\"@id\":\"https:\\\/\\\/www.mirabel-aux-baronnies.fr\\\/s2\\\/2024\\\/03\\\/18\\\/zad-du-cimetiere-a-mirabel-aux-baronnies\\\/\"},\"author\":{\"name\":\"Guede\",\"@id\":\"https:\\\/\\\/www.mirabel-aux-baronnies.fr\\\/s2\\\/#\\\/schema\\\/person\\\/761eee9861bfd7099d60668a3f648821\"},\"headline\":\"ZAD du cimeti\u00e8re \u00e0 Mirabel-aux-Baronnies\",\"datePublished\":\"2024-03-18T12:38:13+00:00\",\"dateModified\":\"2024-03-18T12:38:17+00:00\",\"mainEntityOfPage\":{\"@id\":\"https:\\\/\\\/www.mirabel-aux-baronnies.fr\\\/s2\\\/2024\\\/03\\\/18\\\/zad-du-cimetiere-a-mirabel-aux-baronnies\\\/\"},\"wordCount\":40,\"publisher\":{\"@id\":\"https:\\\/\\\/www.mirabel-aux-baronnies.fr\\\/s2\\\/#organization\"},\"image\":{\"@id\":\"https:\\\/\\\/www.mirabel-aux-baronnies.fr\\\/s2\\\/2024\\\/03\\\/18\\\/zad-du-cimetiere-a-mirabel-aux-baronnies\\\/#primaryimage\"},\"thumbnailUrl\":\"https:\\\/\\\/www.mirabel-aux-baronnies.fr\\\/s2\\\/wp-content\\\/uploads\\\/2024\\\/03\\\/istockphoto-1597857487-612x612-1.jpg\",\"keywords\":[\"informations\"],\"articleSection\":[\"Actualit\u00e9s\"],\"inLanguage\":\"fr-FR\"},{\"@type\":\"WebPage\",\"@id\":\"https:\\\/\\\/www.mirabel-aux-baronnies.fr\\\/s2\\\/2024\\\/03\\\/18\\\/zad-du-cimetiere-a-mirabel-aux-baronnies\\\/\",\"url\":\"https:\\\/\\\/www.mirabel-aux-baronnies.fr\\\/s2\\\/2024\\\/03\\\/18\\\/zad-du-cimetiere-a-mirabel-aux-baronnies\\\/\",\"name\":\"ZAD du cimeti\u00e8re \u00e0 Mirabel-aux-Baronnies - Mirabel aux Baronnies\",\"isPartOf\":{\"@id\":\"https:\\\/\\\/www.mirabel-aux-baronnies.fr\\\/s2\\\/#website\"},\"primaryImageOfPage\":{\"@id\":\"https:\\\/\\\/www.mirabel-aux-baronnies.fr\\\/s2\\\/2024\\\/03\\\/18\\\/zad-du-cimetiere-a-mirabel-aux-baronnies\\\/#primaryimage\"},\"image\":{\"@id\":\"https:\\\/\\\/www.mirabel-aux-baronnies.fr\\\/s2\\\/2024\\\/03\\\/18\\\/zad-du-cimetiere-a-mirabel-aux-baronnies\\\/#primaryimage\"},\"thumbnailUrl\":\"https:\\\/\\\/www.mirabel-aux-baronnies.fr\\\/s2\\\/wp-content\\\/uploads\\\/2024\\\/03\\\/istockphoto-1597857487-612x612-1.jpg\",\"datePublished\":\"2024-03-18T12:38:13+00:00\",\"dateModified\":\"2024-03-18T12:38:17+00:00\",\"inLanguage\":\"fr-FR\",\"potentialAction\":[{\"@type\":\"ReadAction\",\"target\":[\"https:\\\/\\\/www.mirabel-aux-baronnies.fr\\\/s2\\\/2024\\\/03\\\/18\\\/zad-du-cimetiere-a-mirabel-aux-baronnies\\\/\"]}]},{\"@type\":\"ImageObject\",\"inLanguage\":\"fr-FR\",\"@id\":\"https:\\\/\\\/www.mirabel-aux-baronnies.fr\\\/s2\\\/2024\\\/03\\\/18\\\/zad-du-cimetiere-a-mirabel-aux-baronnies\\\/#primaryimage\",\"url\":\"https:\\\/\\\/www.mirabel-aux-baronnies.fr\\\/s2\\\/wp-content\\\/uploads\\\/2024\\\/03\\\/istockphoto-1597857487-612x612-1.jpg\",\"contentUrl\":\"https:\\\/\\\/www.mirabel-aux-baronnies.fr\\\/s2\\\/wp-content\\\/uploads\\\/2024\\\/03\\\/istockphoto-1597857487-612x612-1.jpg\",\"width\":612,\"height\":245,\"caption\":\"Summer day at national cemetery with USA flags near graves. Vector cartoon illustration of military memorial graveyard with marble tombs on green lawn under tall trees, stone gate and old fence\"},{\"@type\":\"WebSite\",\"@id\":\"https:\\\/\\\/www.mirabel-aux-baronnies.fr\\\/s2\\\/#website\",\"url\":\"https:\\\/\\\/www.mirabel-aux-baronnies.fr\\\/s2\\\/\",\"name\":\"Mirabel aux Baronnies\",\"description\":\"Site officiel de la mairie de Mirabel-aux-Baronnies\",\"publisher\":{\"@id\":\"https:\\\/\\\/www.mirabel-aux-baronnies.fr\\\/s2\\\/#organization\"},\"alternateName\":\"Mirabel-aux-Baronnies\",\"potentialAction\":[{\"@type\":\"SearchAction\",\"target\":{\"@type\":\"EntryPoint\",\"urlTemplate\":\"https:\\\/\\\/www.mirabel-aux-baronnies.fr\\\/s2\\\/?s={search_term_string}\"},\"query-input\":{\"@type\":\"PropertyValueSpecification\",\"valueRequired\":true,\"valueName\":\"search_term_string\"}}],\"inLanguage\":\"fr-FR\"},{\"@type\":\"Organization\",\"@id\":\"https:\\\/\\\/www.mirabel-aux-baronnies.fr\\\/s2\\\/#organization\",\"name\":\"Mirabel aux Baronnies\",\"alternateName\":\"Mirabel-aux-Baronnies\",\"url\":\"https:\\\/\\\/www.mirabel-aux-baronnies.fr\\\/s2\\\/\",\"logo\":{\"@type\":\"ImageObject\",\"inLanguage\":\"fr-FR\",\"@id\":\"https:\\\/\\\/www.mirabel-aux-baronnies.fr\\\/s2\\\/#\\\/schema\\\/logo\\\/image\\\/\",\"url\":\"https:\\\/\\\/www.mirabel-aux-baronnies.fr\\\/s2\\\/wp-content\\\/uploads\\\/2024\\\/01\\\/mirabel11.jpg\",\"contentUrl\":\"https:\\\/\\\/www.mirabel-aux-baronnies.fr\\\/s2\\\/wp-content\\\/uploads\\\/2024\\\/01\\\/mirabel11.jpg\",\"width\":610,\"height\":374,\"caption\":\"Mirabel aux Baronnies\"},\"image\":{\"@id\":\"https:\\\/\\\/www.mirabel-aux-baronnies.fr\\\/s2\\\/#\\\/schema\\\/logo\\\/image\\\/\"},\"sameAs\":[\"https:\\\/\\\/www.facebook.com\\\/mairiedemirabelauxbaronnies\\\/\"]},{\"@type\":\"Person\",\"@id\":\"https:\\\/\\\/www.mirabel-aux-baronnies.fr\\\/s2\\\/#\\\/schema\\\/person\\\/761eee9861bfd7099d60668a3f648821\",\"name\":\"Guede\",\"image\":{\"@type\":\"ImageObject\",\"inLanguage\":\"fr-FR\",\"@id\":\"https:\\\/\\\/secure.gravatar.com\\\/avatar\\\/410dbe0902c3cabb2c3e2c629b4671485bd375abd5167006d68b5836f8fdfdc9?s=96&d=identicon&r=g\",\"url\":\"https:\\\/\\\/secure.gravatar.com\\\/avatar\\\/410dbe0902c3cabb2c3e2c629b4671485bd375abd5167006d68b5836f8fdfdc9?s=96&d=identicon&r=g\",\"contentUrl\":\"https:\\\/\\\/secure.gravatar.com\\\/avatar\\\/410dbe0902c3cabb2c3e2c629b4671485bd375abd5167006d68b5836f8fdfdc9?s=96&d=identicon&r=g\",\"caption\":\"Guede\"}}]}<\/script>\n<!-- \/ Yoast SEO plugin. -->","yoast_head_json":{"title":"ZAD du cimeti\u00e8re \u00e0 Mirabel-aux-Baronnies - Mirabel aux Baronnies","robots":{"index":"noindex","follow":"follow"},"og_locale":"fr_FR","og_type":"article","og_title":"ZAD du cimeti\u00e8re \u00e0 Mirabel-aux-Baronnies - Mirabel aux Baronnies","og_description":"Pour consulter l&rsquo;arr\u00eat\u00e9 pr\u00e9fectoral portant sur la cr\u00e9ation d&rsquo;une zone d&rsquo;am\u00e9nagement diff\u00e9r\u00e9 (ZAD) sur le territoire de la commune de Mirabel-aux-Baronnies, veuillez cliquer ci-dessous :","og_url":"https:\/\/www.mirabel-aux-baronnies.fr\/s2\/2024\/03\/18\/zad-du-cimetiere-a-mirabel-aux-baronnies\/","og_site_name":"Mirabel aux Baronnies","article_publisher":"https:\/\/www.facebook.com\/mairiedemirabelauxbaronnies\/","article_published_time":"2024-03-18T12:38:13+00:00","article_modified_time":"2024-03-18T12:38:17+00:00","og_image":[{"width":612,"height":245,"url":"https:\/\/www.mirabel-aux-baronnies.fr\/s2\/wp-content\/uploads\/2024\/03\/istockphoto-1597857487-612x612-1.jpg","type":"image\/jpeg"}],"author":"Guede","twitter_card":"summary_large_image","twitter_misc":{"\u00c9crit par":"Guede"},"schema":{"@context":"https:\/\/schema.org","@graph":[{"@type":"Article","@id":"https:\/\/www.mirabel-aux-baronnies.fr\/s2\/2024\/03\/18\/zad-du-cimetiere-a-mirabel-aux-baronnies\/#article","isPartOf":{"@id":"https:\/\/www.mirabel-aux-baronnies.fr\/s2\/2024\/03\/18\/zad-du-cimetiere-a-mirabel-aux-baronnies\/"},"author":{"name":"Guede","@id":"https:\/\/www.mirabel-aux-baronnies.fr\/s2\/#\/schema\/person\/761eee9861bfd7099d60668a3f648821"},"headline":"ZAD du cimeti\u00e8re \u00e0 Mirabel-aux-Baronnies","datePublished":"2024-03-18T12:38:13+00:00","dateModified":"2024-03-18T12:38:17+00:00","mainEntityOfPage":{"@id":"https:\/\/www.mirabel-aux-baronnies.fr\/s2\/2024\/03\/18\/zad-du-cimetiere-a-mirabel-aux-baronnies\/"},"wordCount":40,"publisher":{"@id":"https:\/\/www.mirabel-aux-baronnies.fr\/s2\/#organization"},"image":{"@id":"https:\/\/www.mirabel-aux-baronnies.fr\/s2\/2024\/03\/18\/zad-du-cimetiere-a-mirabel-aux-baronnies\/#primaryimage"},"thumbnailUrl":"https:\/\/www.mirabel-aux-baronnies.fr\/s2\/wp-content\/uploads\/2024\/03\/istockphoto-1597857487-612x612-1.jpg","keywords":["informations"],"articleSection":["Actualit\u00e9s"],"inLanguage":"fr-FR"},{"@type":"WebPage","@id":"https:\/\/www.mirabel-aux-baronnies.fr\/s2\/2024\/03\/18\/zad-du-cimetiere-a-mirabel-aux-baronnies\/","url":"https:\/\/www.mirabel-aux-baronnies.fr\/s2\/2024\/03\/18\/zad-du-cimetiere-a-mirabel-aux-baronnies\/","name":"ZAD du cimeti\u00e8re \u00e0 Mirabel-aux-Baronnies - Mirabel aux Baronnies","isPartOf":{"@id":"https:\/\/www.mirabel-aux-baronnies.fr\/s2\/#website"},"primaryImageOfPage":{"@id":"https:\/\/www.mirabel-aux-baronnies.fr\/s2\/2024\/03\/18\/zad-du-cimetiere-a-mirabel-aux-baronnies\/#primaryimage"},"image":{"@id":"https:\/\/www.mirabel-aux-baronnies.fr\/s2\/2024\/03\/18\/zad-du-cimetiere-a-mirabel-aux-baronnies\/#primaryimage"},"thumbnailUrl":"https:\/\/www.mirabel-aux-baronnies.fr\/s2\/wp-content\/uploads\/2024\/03\/istockphoto-1597857487-612x612-1.jpg","datePublished":"2024-03-18T12:38:13+00:00","dateModified":"2024-03-18T12:38:17+00:00","inLanguage":"fr-FR","potentialAction":[{"@type":"ReadAction","target":["https:\/\/www.mirabel-aux-baronnies.fr\/s2\/2024\/03\/18\/zad-du-cimetiere-a-mirabel-aux-baronnies\/"]}]},{"@type":"ImageObject","inLanguage":"fr-FR","@id":"https:\/\/www.mirabel-aux-baronnies.fr\/s2\/2024\/03\/18\/zad-du-cimetiere-a-mirabel-aux-baronnies\/#primaryimage","url":"https:\/\/www.mirabel-aux-baronnies.fr\/s2\/wp-content\/uploads\/2024\/03\/istockphoto-1597857487-612x612-1.jpg","contentUrl":"https:\/\/www.mirabel-aux-baronnies.fr\/s2\/wp-content\/uploads\/2024\/03\/istockphoto-1597857487-612x612-1.jpg","width":612,"height":245,"caption":"Summer day at national cemetery with USA flags near graves. Vector cartoon illustration of military memorial graveyard with marble tombs on green lawn under tall trees, stone gate and old fence"},{"@type":"WebSite","@id":"https:\/\/www.mirabel-aux-baronnies.fr\/s2\/#website","url":"https:\/\/www.mirabel-aux-baronnies.fr\/s2\/","name":"Mirabel aux Baronnies","description":"Site officiel de la mairie de Mirabel-aux-Baronnies","publisher":{"@id":"https:\/\/www.mirabel-aux-baronnies.fr\/s2\/#organization"},"alternateName":"Mirabel-aux-Baronnies","potentialAction":[{"@type":"SearchAction","target":{"@type":"EntryPoint","urlTemplate":"https:\/\/www.mirabel-aux-baronnies.fr\/s2\/?s={search_term_string}"},"query-input":{"@type":"PropertyValueSpecification","valueRequired":true,"valueName":"search_term_string"}}],"inLanguage":"fr-FR"},{"@type":"Organization","@id":"https:\/\/www.mirabel-aux-baronnies.fr\/s2\/#organization","name":"Mirabel aux Baronnies","alternateName":"Mirabel-aux-Baronnies","url":"https:\/\/www.mirabel-aux-baronnies.fr\/s2\/","logo":{"@type":"ImageObject","inLanguage":"fr-FR","@id":"https:\/\/www.mirabel-aux-baronnies.fr\/s2\/#\/schema\/logo\/image\/","url":"https:\/\/www.mirabel-aux-baronnies.fr\/s2\/wp-content\/uploads\/2024\/01\/mirabel11.jpg","contentUrl":"https:\/\/www.mirabel-aux-baronnies.fr\/s2\/wp-content\/uploads\/2024\/01\/mirabel11.jpg","width":610,"height":374,"caption":"Mirabel aux Baronnies"},"image":{"@id":"https:\/\/www.mirabel-aux-baronnies.fr\/s2\/#\/schema\/logo\/image\/"},"sameAs":["https:\/\/www.facebook.com\/mairiedemirabelauxbaronnies\/"]},{"@type":"Person","@id":"https:\/\/www.mirabel-aux-baronnies.fr\/s2\/#\/schema\/person\/761eee9861bfd7099d60668a3f648821","name":"Guede","image":{"@type":"ImageObject","inLanguage":"fr-FR","@id":"https:\/\/secure.gravatar.com\/avatar\/410dbe0902c3cabb2c3e2c629b4671485bd375abd5167006d68b5836f8fdfdc9?s=96&d=identicon&r=g","url":"https:\/\/secure.gravatar.com\/avatar\/410dbe0902c3cabb2c3e2c629b4671485bd375abd5167006d68b5836f8fdfdc9?s=96&d=identicon&r=g","contentUrl":"https:\/\/secure.gravatar.com\/avatar\/410dbe0902c3cabb2c3e2c629b4671485bd375abd5167006d68b5836f8fdfdc9?s=96&d=identicon&r=g","caption":"Guede"}}]}},"publishpress_future_action":{"enabled":false,"date":"2026-05-06 12:58:28","action":"change-status","newStatus":"draft","terms":[],"taxonomy":"category","extraData":[]},"publishpress_future_workflow_manual_trigger":{"enabledWorkflows":[]},"rttpg_featured_image_url":{"full":["https:\/\/www.mirabel-aux-baronnies.fr\/s2\/wp-content\/uploads\/2024\/03\/istockphoto-1597857487-612x612-1.jpg",612,245,false],"landscape":["https:\/\/www.mirabel-aux-baronnies.fr\/s2\/wp-content\/uploads\/2024\/03\/istockphoto-1597857487-612x612-1.jpg",612,245,false],"portraits":["https:\/\/www.mirabel-aux-baronnies.fr\/s2\/wp-content\/uploads\/2024\/03\/istockphoto-1597857487-612x612-1.jpg",612,245,false],"thumbnail":["https:\/\/www.mirabel-aux-baronnies.fr\/s2\/wp-content\/uploads\/2024\/03\/istockphoto-1597857487-612x612-1-150x150.jpg",150,150,true],"medium":["https:\/\/www.mirabel-aux-baronnies.fr\/s2\/wp-content\/uploads\/2024\/03\/istockphoto-1597857487-612x612-1-300x245.jpg",300,245,true],"large":["https:\/\/www.mirabel-aux-baronnies.fr\/s2\/wp-content\/uploads\/2024\/03\/istockphoto-1597857487-612x612-1.jpg",612,245,false],"1536x1536":["https:\/\/www.mirabel-aux-baronnies.fr\/s2\/wp-content\/uploads\/2024\/03\/istockphoto-1597857487-612x612-1.jpg",612,245,false],"2048x2048":["https:\/\/www.mirabel-aux-baronnies.fr\/s2\/wp-content\/uploads\/2024\/03\/istockphoto-1597857487-612x612-1.jpg",612,245,false],"post-thumbnail":["https:\/\/www.mirabel-aux-baronnies.fr\/s2\/wp-content\/uploads\/2024\/03\/istockphoto-1597857487-612x612-1-280x180.jpg",280,180,true],"psacp-medium":["https:\/\/www.mirabel-aux-baronnies.fr\/s2\/wp-content\/uploads\/2024\/03\/istockphoto-1597857487-612x612-1.jpg",500,200,false]},"rttpg_author":{"display_name":"Guede","author_link":"https:\/\/www.mirabel-aux-baronnies.fr\/s2\/author\/guede496\/"},"rttpg_comment":0,"rttpg_category":"<a href=\"https:\/\/www.mirabel-aux-baronnies.fr\/s2\/category\/actualites\/\" rel=\"category tag\">Actualit\u00e9s<\/a>","rttpg_excerpt":"Pour consulter l&rsquo;arr\u00eat\u00e9 pr\u00e9fectoral portant sur la cr\u00e9ation d&rsquo;une zone d&rsquo;am\u00e9nagement diff\u00e9r\u00e9 (ZAD) sur le territoire de la commune de Mirabel-aux-Baronnies, veuillez cliquer ci-dessous :","_links":{"self":[{"href":"https:\/\/www.mirabel-aux-baronnies.fr\/s2\/wp-json\/wp\/v2\/posts\/6852","targetHints":{"allow":["GET"]}}],"collection":[{"href":"https:\/\/www.mirabel-aux-baronnies.fr\/s2\/wp-json\/wp\/v2\/posts"}],"about":[{"href":"https:\/\/www.mirabel-aux-baronnies.fr\/s2\/wp-json\/wp\/v2\/types\/post"}],"author":[{"embeddable":true,"href":"https:\/\/www.mirabel-aux-baronnies.fr\/s2\/wp-json\/wp\/v2\/users\/10"}],"replies":[{"embeddable":true,"href":"https:\/\/www.mirabel-aux-baronnies.fr\/s2\/wp-json\/wp\/v2\/comments?post=6852"}],"version-history":[{"count":1,"href":"https:\/\/www.mirabel-aux-baronnies.fr\/s2\/wp-json\/wp\/v2\/posts\/6852\/revisions"}],"predecessor-version":[{"id":6855,"href":"https:\/\/www.mirabel-aux-baronnies.fr\/s2\/wp-json\/wp\/v2\/posts\/6852\/revisions\/6855"}],"wp:featuredmedia":[{"embeddable":true,"href":"https:\/\/www.mirabel-aux-baronnies.fr\/s2\/wp-json\/wp\/v2\/media\/6854"}],"wp:attachment":[{"href":"https:\/\/www.mirabel-aux-baronnies.fr\/s2\/wp-json\/wp\/v2\/media?parent=6852"}],"wp:term":[{"taxonomy":"category","embeddable":true,"href":"https:\/\/www.mirabel-aux-baronnies.fr\/s2\/wp-json\/wp\/v2\/categories?post=6852"},{"taxonomy":"post_tag","embeddable":true,"href":"https:\/\/www.mirabel-aux-baronnies.fr\/s2\/wp-json\/wp\/v2\/tags?post=6852"}],"curies":[{"name":"wp","href":"https:\/\/api.w.org\/{rel}","templated":true}]}}