{"id":7229,"date":"2024-10-04T11:38:58","date_gmt":"2024-10-04T09:38:58","guid":{"rendered":"https:\/\/www.mirabel-aux-baronnies.fr\/s2\/?p=7229"},"modified":"2025-06-03T11:29:12","modified_gmt":"2025-06-03T09:29:12","slug":"renov-baronnies-aides-a-la-renovation-de-logements-prives","status":"publish","type":"post","link":"https:\/\/www.mirabel-aux-baronnies.fr\/s2\/2024\/10\/04\/renov-baronnies-aides-a-la-renovation-de-logements-prives\/","title":{"rendered":"RENOV+ BARONNIES &#8211; AIDES \u00c0 LA R\u00c9NOVATION DE LOGEMENTS PRIV\u00c9S"},"content":{"rendered":"\n<div data-wp-interactive=\"core\/file\" class=\"wp-block-file\"><object data-wp-bind--hidden=\"!state.hasPdfPreview\" hidden class=\"wp-block-file__embed\" data=\"https:\/\/www.mirabel-aux-baronnies.fr\/s2\/wp-content\/uploads\/2024\/10\/20241004101947.pdf\" type=\"application\/pdf\" style=\"width:100%;height:600px\" aria-label=\"Contenu embarqu\u00e9 20241004101947.\"><\/object><a id=\"wp-block-file--media-c671f4b4-ec91-49c2-9432-3a920d3b75d2\" href=\"https:\/\/www.mirabel-aux-baronnies.fr\/s2\/wp-content\/uploads\/2024\/10\/20241004101947.pdf\">20241004101947<\/a><a href=\"https:\/\/www.mirabel-aux-baronnies.fr\/s2\/wp-content\/uploads\/2024\/10\/20241004101947.pdf\" class=\"wp-block-file__button wp-element-button\" download aria-describedby=\"wp-block-file--media-c671f4b4-ec91-49c2-9432-3a920d3b75d2\">T\u00e9l\u00e9charger<\/a><\/div>\n\n\n\n<p><\/p>\n","protected":false},"excerpt":{"rendered":"","protected":false},"author":10,"featured_media":7233,"comment_status":"closed","ping_status":"open","sticky":false,"template":"","format":"standard","meta":{"footnotes":""},"categories":[54],"tags":[90],"class_list":["post-7229","post","type-post","status-publish","format-standard","has-post-thumbnail","hentry","category-actualites","tag-informations"],"yoast_head":"<!-- This site is optimized with the Yoast SEO plugin v27.3 - https:\/\/yoast.com\/product\/yoast-seo-wordpress\/ -->\n<title>RENOV+ BARONNIES - AIDES \u00c0 LA R\u00c9NOVATION DE LOGEMENTS PRIV\u00c9S - Mirabel aux Baronnies<\/title>\n<meta name=\"robots\" content=\"noindex, follow\" \/>\n<meta property=\"og:locale\" content=\"fr_FR\" \/>\n<meta property=\"og:type\" content=\"article\" \/>\n<meta property=\"og:title\" content=\"RENOV+ BARONNIES - AIDES \u00c0 LA R\u00c9NOVATION DE LOGEMENTS PRIV\u00c9S - Mirabel aux Baronnies\" \/>\n<meta property=\"og:url\" content=\"https:\/\/www.mirabel-aux-baronnies.fr\/s2\/2024\/10\/04\/renov-baronnies-aides-a-la-renovation-de-logements-prives\/\" \/>\n<meta property=\"og:site_name\" content=\"Mirabel aux Baronnies\" \/>\n<meta property=\"article:publisher\" content=\"https:\/\/www.facebook.com\/mairiedemirabelauxbaronnies\/\" \/>\n<meta property=\"article:published_time\" content=\"2024-10-04T09:38:58+00:00\" \/>\n<meta property=\"article:modified_time\" content=\"2025-06-03T09:29:12+00:00\" \/>\n<meta property=\"og:image\" content=\"https:\/\/www.mirabel-aux-baronnies.fr\/s2\/wp-content\/uploads\/2024\/10\/Capture-decran-2024-10-04-114252.png\" \/>\n\t<meta property=\"og:image:width\" content=\"471\" \/>\n\t<meta property=\"og:image:height\" content=\"677\" \/>\n\t<meta property=\"og:image:type\" content=\"image\/png\" \/>\n<meta name=\"author\" content=\"Guede\" \/>\n<meta name=\"twitter:card\" content=\"summary_large_image\" \/>\n<meta name=\"twitter:label1\" content=\"\u00c9crit par\" \/>\n\t<meta name=\"twitter:data1\" content=\"Guede\" \/>\n<script type=\"application\/ld+json\" class=\"yoast-schema-graph\">{\"@context\":\"https:\\\/\\\/schema.org\",\"@graph\":[{\"@type\":\"Article\",\"@id\":\"https:\\\/\\\/www.mirabel-aux-baronnies.fr\\\/s2\\\/2024\\\/10\\\/04\\\/renov-baronnies-aides-a-la-renovation-de-logements-prives\\\/#article\",\"isPartOf\":{\"@id\":\"https:\\\/\\\/www.mirabel-aux-baronnies.fr\\\/s2\\\/2024\\\/10\\\/04\\\/renov-baronnies-aides-a-la-renovation-de-logements-prives\\\/\"},\"author\":{\"name\":\"Guede\",\"@id\":\"https:\\\/\\\/www.mirabel-aux-baronnies.fr\\\/s2\\\/#\\\/schema\\\/person\\\/761eee9861bfd7099d60668a3f648821\"},\"headline\":\"RENOV+ BARONNIES &#8211; AIDES \u00c0 LA R\u00c9NOVATION DE LOGEMENTS PRIV\u00c9S\",\"datePublished\":\"2024-10-04T09:38:58+00:00\",\"dateModified\":\"2025-06-03T09:29:12+00:00\",\"mainEntityOfPage\":{\"@id\":\"https:\\\/\\\/www.mirabel-aux-baronnies.fr\\\/s2\\\/2024\\\/10\\\/04\\\/renov-baronnies-aides-a-la-renovation-de-logements-prives\\\/\"},\"wordCount\":14,\"publisher\":{\"@id\":\"https:\\\/\\\/www.mirabel-aux-baronnies.fr\\\/s2\\\/#organization\"},\"image\":{\"@id\":\"https:\\\/\\\/www.mirabel-aux-baronnies.fr\\\/s2\\\/2024\\\/10\\\/04\\\/renov-baronnies-aides-a-la-renovation-de-logements-prives\\\/#primaryimage\"},\"thumbnailUrl\":\"https:\\\/\\\/www.mirabel-aux-baronnies.fr\\\/s2\\\/wp-content\\\/uploads\\\/2024\\\/10\\\/Capture-decran-2024-10-04-114252.png\",\"keywords\":[\"informations\"],\"articleSection\":[\"Actualit\u00e9s\"],\"inLanguage\":\"fr-FR\"},{\"@type\":\"WebPage\",\"@id\":\"https:\\\/\\\/www.mirabel-aux-baronnies.fr\\\/s2\\\/2024\\\/10\\\/04\\\/renov-baronnies-aides-a-la-renovation-de-logements-prives\\\/\",\"url\":\"https:\\\/\\\/www.mirabel-aux-baronnies.fr\\\/s2\\\/2024\\\/10\\\/04\\\/renov-baronnies-aides-a-la-renovation-de-logements-prives\\\/\",\"name\":\"RENOV+ BARONNIES - AIDES \u00c0 LA R\u00c9NOVATION DE LOGEMENTS PRIV\u00c9S - Mirabel aux Baronnies\",\"isPartOf\":{\"@id\":\"https:\\\/\\\/www.mirabel-aux-baronnies.fr\\\/s2\\\/#website\"},\"primaryImageOfPage\":{\"@id\":\"https:\\\/\\\/www.mirabel-aux-baronnies.fr\\\/s2\\\/2024\\\/10\\\/04\\\/renov-baronnies-aides-a-la-renovation-de-logements-prives\\\/#primaryimage\"},\"image\":{\"@id\":\"https:\\\/\\\/www.mirabel-aux-baronnies.fr\\\/s2\\\/2024\\\/10\\\/04\\\/renov-baronnies-aides-a-la-renovation-de-logements-prives\\\/#primaryimage\"},\"thumbnailUrl\":\"https:\\\/\\\/www.mirabel-aux-baronnies.fr\\\/s2\\\/wp-content\\\/uploads\\\/2024\\\/10\\\/Capture-decran-2024-10-04-114252.png\",\"datePublished\":\"2024-10-04T09:38:58+00:00\",\"dateModified\":\"2025-06-03T09:29:12+00:00\",\"inLanguage\":\"fr-FR\",\"potentialAction\":[{\"@type\":\"ReadAction\",\"target\":[\"https:\\\/\\\/www.mirabel-aux-baronnies.fr\\\/s2\\\/2024\\\/10\\\/04\\\/renov-baronnies-aides-a-la-renovation-de-logements-prives\\\/\"]}]},{\"@type\":\"ImageObject\",\"inLanguage\":\"fr-FR\",\"@id\":\"https:\\\/\\\/www.mirabel-aux-baronnies.fr\\\/s2\\\/2024\\\/10\\\/04\\\/renov-baronnies-aides-a-la-renovation-de-logements-prives\\\/#primaryimage\",\"url\":\"https:\\\/\\\/www.mirabel-aux-baronnies.fr\\\/s2\\\/wp-content\\\/uploads\\\/2024\\\/10\\\/Capture-decran-2024-10-04-114252.png\",\"contentUrl\":\"https:\\\/\\\/www.mirabel-aux-baronnies.fr\\\/s2\\\/wp-content\\\/uploads\\\/2024\\\/10\\\/Capture-decran-2024-10-04-114252.png\",\"width\":471,\"height\":677},{\"@type\":\"WebSite\",\"@id\":\"https:\\\/\\\/www.mirabel-aux-baronnies.fr\\\/s2\\\/#website\",\"url\":\"https:\\\/\\\/www.mirabel-aux-baronnies.fr\\\/s2\\\/\",\"name\":\"Mirabel aux Baronnies\",\"description\":\"Site officiel de la mairie de Mirabel-aux-Baronnies\",\"publisher\":{\"@id\":\"https:\\\/\\\/www.mirabel-aux-baronnies.fr\\\/s2\\\/#organization\"},\"alternateName\":\"Mirabel-aux-Baronnies\",\"potentialAction\":[{\"@type\":\"SearchAction\",\"target\":{\"@type\":\"EntryPoint\",\"urlTemplate\":\"https:\\\/\\\/www.mirabel-aux-baronnies.fr\\\/s2\\\/?s={search_term_string}\"},\"query-input\":{\"@type\":\"PropertyValueSpecification\",\"valueRequired\":true,\"valueName\":\"search_term_string\"}}],\"inLanguage\":\"fr-FR\"},{\"@type\":\"Organization\",\"@id\":\"https:\\\/\\\/www.mirabel-aux-baronnies.fr\\\/s2\\\/#organization\",\"name\":\"Mirabel aux Baronnies\",\"alternateName\":\"Mirabel-aux-Baronnies\",\"url\":\"https:\\\/\\\/www.mirabel-aux-baronnies.fr\\\/s2\\\/\",\"logo\":{\"@type\":\"ImageObject\",\"inLanguage\":\"fr-FR\",\"@id\":\"https:\\\/\\\/www.mirabel-aux-baronnies.fr\\\/s2\\\/#\\\/schema\\\/logo\\\/image\\\/\",\"url\":\"https:\\\/\\\/www.mirabel-aux-baronnies.fr\\\/s2\\\/wp-content\\\/uploads\\\/2024\\\/01\\\/mirabel11.jpg\",\"contentUrl\":\"https:\\\/\\\/www.mirabel-aux-baronnies.fr\\\/s2\\\/wp-content\\\/uploads\\\/2024\\\/01\\\/mirabel11.jpg\",\"width\":610,\"height\":374,\"caption\":\"Mirabel aux Baronnies\"},\"image\":{\"@id\":\"https:\\\/\\\/www.mirabel-aux-baronnies.fr\\\/s2\\\/#\\\/schema\\\/logo\\\/image\\\/\"},\"sameAs\":[\"https:\\\/\\\/www.facebook.com\\\/mairiedemirabelauxbaronnies\\\/\"]},{\"@type\":\"Person\",\"@id\":\"https:\\\/\\\/www.mirabel-aux-baronnies.fr\\\/s2\\\/#\\\/schema\\\/person\\\/761eee9861bfd7099d60668a3f648821\",\"name\":\"Guede\",\"image\":{\"@type\":\"ImageObject\",\"inLanguage\":\"fr-FR\",\"@id\":\"https:\\\/\\\/secure.gravatar.com\\\/avatar\\\/410dbe0902c3cabb2c3e2c629b4671485bd375abd5167006d68b5836f8fdfdc9?s=96&d=identicon&r=g\",\"url\":\"https:\\\/\\\/secure.gravatar.com\\\/avatar\\\/410dbe0902c3cabb2c3e2c629b4671485bd375abd5167006d68b5836f8fdfdc9?s=96&d=identicon&r=g\",\"contentUrl\":\"https:\\\/\\\/secure.gravatar.com\\\/avatar\\\/410dbe0902c3cabb2c3e2c629b4671485bd375abd5167006d68b5836f8fdfdc9?s=96&d=identicon&r=g\",\"caption\":\"Guede\"}}]}<\/script>\n<!-- \/ Yoast SEO plugin. -->","yoast_head_json":{"title":"RENOV+ BARONNIES - AIDES \u00c0 LA R\u00c9NOVATION DE LOGEMENTS PRIV\u00c9S - Mirabel aux Baronnies","robots":{"index":"noindex","follow":"follow"},"og_locale":"fr_FR","og_type":"article","og_title":"RENOV+ BARONNIES - AIDES \u00c0 LA R\u00c9NOVATION DE LOGEMENTS PRIV\u00c9S - Mirabel aux Baronnies","og_url":"https:\/\/www.mirabel-aux-baronnies.fr\/s2\/2024\/10\/04\/renov-baronnies-aides-a-la-renovation-de-logements-prives\/","og_site_name":"Mirabel aux Baronnies","article_publisher":"https:\/\/www.facebook.com\/mairiedemirabelauxbaronnies\/","article_published_time":"2024-10-04T09:38:58+00:00","article_modified_time":"2025-06-03T09:29:12+00:00","og_image":[{"width":471,"height":677,"url":"https:\/\/www.mirabel-aux-baronnies.fr\/s2\/wp-content\/uploads\/2024\/10\/Capture-decran-2024-10-04-114252.png","type":"image\/png"}],"author":"Guede","twitter_card":"summary_large_image","twitter_misc":{"\u00c9crit par":"Guede"},"schema":{"@context":"https:\/\/schema.org","@graph":[{"@type":"Article","@id":"https:\/\/www.mirabel-aux-baronnies.fr\/s2\/2024\/10\/04\/renov-baronnies-aides-a-la-renovation-de-logements-prives\/#article","isPartOf":{"@id":"https:\/\/www.mirabel-aux-baronnies.fr\/s2\/2024\/10\/04\/renov-baronnies-aides-a-la-renovation-de-logements-prives\/"},"author":{"name":"Guede","@id":"https:\/\/www.mirabel-aux-baronnies.fr\/s2\/#\/schema\/person\/761eee9861bfd7099d60668a3f648821"},"headline":"RENOV+ BARONNIES &#8211; AIDES \u00c0 LA R\u00c9NOVATION DE LOGEMENTS PRIV\u00c9S","datePublished":"2024-10-04T09:38:58+00:00","dateModified":"2025-06-03T09:29:12+00:00","mainEntityOfPage":{"@id":"https:\/\/www.mirabel-aux-baronnies.fr\/s2\/2024\/10\/04\/renov-baronnies-aides-a-la-renovation-de-logements-prives\/"},"wordCount":14,"publisher":{"@id":"https:\/\/www.mirabel-aux-baronnies.fr\/s2\/#organization"},"image":{"@id":"https:\/\/www.mirabel-aux-baronnies.fr\/s2\/2024\/10\/04\/renov-baronnies-aides-a-la-renovation-de-logements-prives\/#primaryimage"},"thumbnailUrl":"https:\/\/www.mirabel-aux-baronnies.fr\/s2\/wp-content\/uploads\/2024\/10\/Capture-decran-2024-10-04-114252.png","keywords":["informations"],"articleSection":["Actualit\u00e9s"],"inLanguage":"fr-FR"},{"@type":"WebPage","@id":"https:\/\/www.mirabel-aux-baronnies.fr\/s2\/2024\/10\/04\/renov-baronnies-aides-a-la-renovation-de-logements-prives\/","url":"https:\/\/www.mirabel-aux-baronnies.fr\/s2\/2024\/10\/04\/renov-baronnies-aides-a-la-renovation-de-logements-prives\/","name":"RENOV+ BARONNIES - AIDES \u00c0 LA R\u00c9NOVATION DE LOGEMENTS PRIV\u00c9S - Mirabel aux Baronnies","isPartOf":{"@id":"https:\/\/www.mirabel-aux-baronnies.fr\/s2\/#website"},"primaryImageOfPage":{"@id":"https:\/\/www.mirabel-aux-baronnies.fr\/s2\/2024\/10\/04\/renov-baronnies-aides-a-la-renovation-de-logements-prives\/#primaryimage"},"image":{"@id":"https:\/\/www.mirabel-aux-baronnies.fr\/s2\/2024\/10\/04\/renov-baronnies-aides-a-la-renovation-de-logements-prives\/#primaryimage"},"thumbnailUrl":"https:\/\/www.mirabel-aux-baronnies.fr\/s2\/wp-content\/uploads\/2024\/10\/Capture-decran-2024-10-04-114252.png","datePublished":"2024-10-04T09:38:58+00:00","dateModified":"2025-06-03T09:29:12+00:00","inLanguage":"fr-FR","potentialAction":[{"@type":"ReadAction","target":["https:\/\/www.mirabel-aux-baronnies.fr\/s2\/2024\/10\/04\/renov-baronnies-aides-a-la-renovation-de-logements-prives\/"]}]},{"@type":"ImageObject","inLanguage":"fr-FR","@id":"https:\/\/www.mirabel-aux-baronnies.fr\/s2\/2024\/10\/04\/renov-baronnies-aides-a-la-renovation-de-logements-prives\/#primaryimage","url":"https:\/\/www.mirabel-aux-baronnies.fr\/s2\/wp-content\/uploads\/2024\/10\/Capture-decran-2024-10-04-114252.png","contentUrl":"https:\/\/www.mirabel-aux-baronnies.fr\/s2\/wp-content\/uploads\/2024\/10\/Capture-decran-2024-10-04-114252.png","width":471,"height":677},{"@type":"WebSite","@id":"https:\/\/www.mirabel-aux-baronnies.fr\/s2\/#website","url":"https:\/\/www.mirabel-aux-baronnies.fr\/s2\/","name":"Mirabel aux Baronnies","description":"Site officiel de la mairie de Mirabel-aux-Baronnies","publisher":{"@id":"https:\/\/www.mirabel-aux-baronnies.fr\/s2\/#organization"},"alternateName":"Mirabel-aux-Baronnies","potentialAction":[{"@type":"SearchAction","target":{"@type":"EntryPoint","urlTemplate":"https:\/\/www.mirabel-aux-baronnies.fr\/s2\/?s={search_term_string}"},"query-input":{"@type":"PropertyValueSpecification","valueRequired":true,"valueName":"search_term_string"}}],"inLanguage":"fr-FR"},{"@type":"Organization","@id":"https:\/\/www.mirabel-aux-baronnies.fr\/s2\/#organization","name":"Mirabel aux Baronnies","alternateName":"Mirabel-aux-Baronnies","url":"https:\/\/www.mirabel-aux-baronnies.fr\/s2\/","logo":{"@type":"ImageObject","inLanguage":"fr-FR","@id":"https:\/\/www.mirabel-aux-baronnies.fr\/s2\/#\/schema\/logo\/image\/","url":"https:\/\/www.mirabel-aux-baronnies.fr\/s2\/wp-content\/uploads\/2024\/01\/mirabel11.jpg","contentUrl":"https:\/\/www.mirabel-aux-baronnies.fr\/s2\/wp-content\/uploads\/2024\/01\/mirabel11.jpg","width":610,"height":374,"caption":"Mirabel aux Baronnies"},"image":{"@id":"https:\/\/www.mirabel-aux-baronnies.fr\/s2\/#\/schema\/logo\/image\/"},"sameAs":["https:\/\/www.facebook.com\/mairiedemirabelauxbaronnies\/"]},{"@type":"Person","@id":"https:\/\/www.mirabel-aux-baronnies.fr\/s2\/#\/schema\/person\/761eee9861bfd7099d60668a3f648821","name":"Guede","image":{"@type":"ImageObject","inLanguage":"fr-FR","@id":"https:\/\/secure.gravatar.com\/avatar\/410dbe0902c3cabb2c3e2c629b4671485bd375abd5167006d68b5836f8fdfdc9?s=96&d=identicon&r=g","url":"https:\/\/secure.gravatar.com\/avatar\/410dbe0902c3cabb2c3e2c629b4671485bd375abd5167006d68b5836f8fdfdc9?s=96&d=identicon&r=g","contentUrl":"https:\/\/secure.gravatar.com\/avatar\/410dbe0902c3cabb2c3e2c629b4671485bd375abd5167006d68b5836f8fdfdc9?s=96&d=identicon&r=g","caption":"Guede"}}]}},"publishpress_future_action":{"enabled":false,"date":"2026-05-05 13:37:08","action":"change-status","newStatus":"draft","terms":[],"taxonomy":"category","extraData":[]},"publishpress_future_workflow_manual_trigger":{"enabledWorkflows":[]},"rttpg_featured_image_url":{"full":["https:\/\/www.mirabel-aux-baronnies.fr\/s2\/wp-content\/uploads\/2024\/10\/Capture-decran-2024-10-04-114252.png",471,677,false],"landscape":["https:\/\/www.mirabel-aux-baronnies.fr\/s2\/wp-content\/uploads\/2024\/10\/Capture-decran-2024-10-04-114252.png",471,677,false],"portraits":["https:\/\/www.mirabel-aux-baronnies.fr\/s2\/wp-content\/uploads\/2024\/10\/Capture-decran-2024-10-04-114252.png",471,677,false],"thumbnail":["https:\/\/www.mirabel-aux-baronnies.fr\/s2\/wp-content\/uploads\/2024\/10\/Capture-decran-2024-10-04-114252-150x150.png",150,150,true],"medium":["https:\/\/www.mirabel-aux-baronnies.fr\/s2\/wp-content\/uploads\/2024\/10\/Capture-decran-2024-10-04-114252-300x300.png",300,300,true],"large":["https:\/\/www.mirabel-aux-baronnies.fr\/s2\/wp-content\/uploads\/2024\/10\/Capture-decran-2024-10-04-114252.png",471,677,false],"1536x1536":["https:\/\/www.mirabel-aux-baronnies.fr\/s2\/wp-content\/uploads\/2024\/10\/Capture-decran-2024-10-04-114252.png",471,677,false],"2048x2048":["https:\/\/www.mirabel-aux-baronnies.fr\/s2\/wp-content\/uploads\/2024\/10\/Capture-decran-2024-10-04-114252.png",471,677,false],"post-thumbnail":["https:\/\/www.mirabel-aux-baronnies.fr\/s2\/wp-content\/uploads\/2024\/10\/Capture-decran-2024-10-04-114252-280x180.png",280,180,true],"psacp-medium":["https:\/\/www.mirabel-aux-baronnies.fr\/s2\/wp-content\/uploads\/2024\/10\/Capture-decran-2024-10-04-114252.png",348,500,false]},"rttpg_author":{"display_name":"Guede","author_link":"https:\/\/www.mirabel-aux-baronnies.fr\/s2\/author\/guede496\/"},"rttpg_comment":0,"rttpg_category":"<a href=\"https:\/\/www.mirabel-aux-baronnies.fr\/s2\/category\/actualites\/\" rel=\"category tag\">Actualit\u00e9s<\/a>","rttpg_excerpt":null,"_links":{"self":[{"href":"https:\/\/www.mirabel-aux-baronnies.fr\/s2\/wp-json\/wp\/v2\/posts\/7229","targetHints":{"allow":["GET"]}}],"collection":[{"href":"https:\/\/www.mirabel-aux-baronnies.fr\/s2\/wp-json\/wp\/v2\/posts"}],"about":[{"href":"https:\/\/www.mirabel-aux-baronnies.fr\/s2\/wp-json\/wp\/v2\/types\/post"}],"author":[{"embeddable":true,"href":"https:\/\/www.mirabel-aux-baronnies.fr\/s2\/wp-json\/wp\/v2\/users\/10"}],"replies":[{"embeddable":true,"href":"https:\/\/www.mirabel-aux-baronnies.fr\/s2\/wp-json\/wp\/v2\/comments?post=7229"}],"version-history":[{"count":1,"href":"https:\/\/www.mirabel-aux-baronnies.fr\/s2\/wp-json\/wp\/v2\/posts\/7229\/revisions"}],"predecessor-version":[{"id":7232,"href":"https:\/\/www.mirabel-aux-baronnies.fr\/s2\/wp-json\/wp\/v2\/posts\/7229\/revisions\/7232"}],"wp:featuredmedia":[{"embeddable":true,"href":"https:\/\/www.mirabel-aux-baronnies.fr\/s2\/wp-json\/wp\/v2\/media\/7233"}],"wp:attachment":[{"href":"https:\/\/www.mirabel-aux-baronnies.fr\/s2\/wp-json\/wp\/v2\/media?parent=7229"}],"wp:term":[{"taxonomy":"category","embeddable":true,"href":"https:\/\/www.mirabel-aux-baronnies.fr\/s2\/wp-json\/wp\/v2\/categories?post=7229"},{"taxonomy":"post_tag","embeddable":true,"href":"https:\/\/www.mirabel-aux-baronnies.fr\/s2\/wp-json\/wp\/v2\/tags?post=7229"}],"curies":[{"name":"wp","href":"https:\/\/api.w.org\/{rel}","templated":true}]}}