{"id":7638,"date":"2025-08-22T16:15:34","date_gmt":"2025-08-22T14:15:34","guid":{"rendered":"https:\/\/www.mirabel-aux-baronnies.fr\/s2\/?p=7638"},"modified":"2025-08-22T16:15:38","modified_gmt":"2025-08-22T14:15:38","slug":"nouveaux-espaces-anti-tabac-a-mirabel-aux-baronnies","status":"publish","type":"post","link":"https:\/\/www.mirabel-aux-baronnies.fr\/s2\/2025\/08\/22\/nouveaux-espaces-anti-tabac-a-mirabel-aux-baronnies\/","title":{"rendered":"NOUVEAUX ESPACES ANTI-TABAC \u00c0 MIRABEL-AUX-BARONNIES"},"content":{"rendered":"\n<p>Chers mirabelais et mirabelaises et amis visiteurs,<\/p>\n\n\n\n<p>Comme vous avez pu en entendre parler, la nouvelle r\u00e9glementation nationale \u00e9dict\u00e9e par le Gouvernement (<a href=\"https:\/\/www.legifrance.gouv.fr\/jorf\/id\/JORFTEXT000051806161\" target=\"_blank\" rel=\"noreferrer noopener\">d\u00e9cret 2025-582 du 27 juin 2025<\/a>) portant sur les nouveaux \u00ab\u00a0espaces anti-tabac\u00a0\u00bb est d\u00e9sormais applicable sur l&rsquo;ensemble du territoire national et donc communal.<\/p>\n\n\n\n<p>En effet, un certains nombre d&rsquo;espaces publics de Mirabel-aux-Baronnies sont d\u00e9sormais concern\u00e9s par l&rsquo;interdiction de fumer.<\/p>\n\n\n\n<p>En outre, pour vous aider \u00e0 les localiser, vous trouverez l&rsquo;ensemble des lieux o\u00f9 la nouvelle r\u00e9glementation s&rsquo;applique dans l&rsquo;arr\u00eat\u00e9 municipal ci-dessous.<\/p>\n\n\n\n<p>Par ailleurs, vous trouverez \u00e9galement une signal\u00e9tique adapt\u00e9e sur place, vous rappelant cette r\u00e9glementation.<\/p>\n\n\n\n<p>Aussi, pour la sant\u00e9 de tous et notamment celle de nos enfants, la municipalit\u00e9 vous enjoint de respecter cette nouvelle interdiction.<\/p>\n\n\n\n<p>Merci de votre compr\u00e9hension\u2026<\/p>\n\n\n\n<p>La Municipalit\u00e9<\/p>\n\n\n\n<div data-wp-interactive=\"core\/file\" class=\"wp-block-file\"><object data-wp-bind--hidden=\"!state.hasPdfPreview\" hidden class=\"wp-block-file__embed\" data=\"https:\/\/www.mirabel-aux-baronnies.fr\/s2\/wp-content\/uploads\/2025\/08\/2025-094-Police-Espace-Sans-Tabac-Espaces-publics-concernes.pdf\" type=\"application\/pdf\" style=\"width:100%;height:600px\" aria-label=\"Contenu embarqu\u00e9 2025-094 Police Espace Sans Tabac Espaces publics concern\u00e9s.\"><\/object><a id=\"wp-block-file--media-9da74446-f131-4326-bef9-ab0bdfafc108\" href=\"https:\/\/www.mirabel-aux-baronnies.fr\/s2\/wp-content\/uploads\/2025\/08\/2025-094-Police-Espace-Sans-Tabac-Espaces-publics-concernes.pdf\">2025-094 Police Espace Sans Tabac Espaces publics concern\u00e9s<\/a><a href=\"https:\/\/www.mirabel-aux-baronnies.fr\/s2\/wp-content\/uploads\/2025\/08\/2025-094-Police-Espace-Sans-Tabac-Espaces-publics-concernes.pdf\" class=\"wp-block-file__button wp-element-button\" download aria-describedby=\"wp-block-file--media-9da74446-f131-4326-bef9-ab0bdfafc108\">T\u00e9l\u00e9charger<\/a><\/div>\n\n\n","protected":false},"excerpt":{"rendered":"<p>Chers mirabelais et mirabelaises et amis visiteurs, Comme vous avez pu en entendre parler, la nouvelle r\u00e9glementation nationale \u00e9dict\u00e9e par le Gouvernement (d\u00e9cret 2025-582 du 27 juin 2025) portant sur les nouveaux \u00ab\u00a0espaces anti-tabac\u00a0\u00bb est d\u00e9sormais applicable sur l&rsquo;ensemble du territoire national et donc communal. En effet, un certains nombre d&rsquo;espaces publics de Mirabel-aux-Baronnies sont [&hellip;]<\/p>\n","protected":false},"author":10,"featured_media":7640,"comment_status":"closed","ping_status":"open","sticky":false,"template":"","format":"standard","meta":{"footnotes":""},"categories":[54],"tags":[],"class_list":["post-7638","post","type-post","status-publish","format-standard","has-post-thumbnail","hentry","category-actualites"],"yoast_head":"<!-- This site is optimized with the Yoast SEO plugin v27.3 - https:\/\/yoast.com\/product\/yoast-seo-wordpress\/ -->\n<title>NOUVEAUX ESPACES ANTI-TABAC \u00c0 MIRABEL-AUX-BARONNIES - Mirabel aux Baronnies<\/title>\n<meta name=\"robots\" content=\"noindex, follow\" \/>\n<meta property=\"og:locale\" content=\"fr_FR\" \/>\n<meta property=\"og:type\" content=\"article\" \/>\n<meta property=\"og:title\" content=\"NOUVEAUX ESPACES ANTI-TABAC \u00c0 MIRABEL-AUX-BARONNIES - Mirabel aux Baronnies\" \/>\n<meta property=\"og:description\" content=\"Chers mirabelais et mirabelaises et amis visiteurs, Comme vous avez pu en entendre parler, la nouvelle r\u00e9glementation nationale \u00e9dict\u00e9e par le Gouvernement (d\u00e9cret 2025-582 du 27 juin 2025) portant sur les nouveaux \u00ab\u00a0espaces anti-tabac\u00a0\u00bb est d\u00e9sormais applicable sur l&rsquo;ensemble du territoire national et donc communal. En effet, un certains nombre d&rsquo;espaces publics de Mirabel-aux-Baronnies sont [&hellip;]\" \/>\n<meta property=\"og:url\" content=\"https:\/\/www.mirabel-aux-baronnies.fr\/s2\/2025\/08\/22\/nouveaux-espaces-anti-tabac-a-mirabel-aux-baronnies\/\" \/>\n<meta property=\"og:site_name\" content=\"Mirabel aux Baronnies\" \/>\n<meta property=\"article:publisher\" content=\"https:\/\/www.facebook.com\/mairiedemirabelauxbaronnies\/\" \/>\n<meta property=\"article:published_time\" content=\"2025-08-22T14:15:34+00:00\" \/>\n<meta property=\"article:modified_time\" content=\"2025-08-22T14:15:38+00:00\" \/>\n<meta property=\"og:image\" content=\"https:\/\/www.mirabel-aux-baronnies.fr\/s2\/wp-content\/uploads\/2025\/08\/Capture-decran-2025-08-19-153552.png\" \/>\n\t<meta property=\"og:image:width\" content=\"468\" \/>\n\t<meta property=\"og:image:height\" content=\"664\" \/>\n\t<meta property=\"og:image:type\" content=\"image\/png\" \/>\n<meta name=\"author\" content=\"Guede\" \/>\n<meta name=\"twitter:card\" content=\"summary_large_image\" \/>\n<meta name=\"twitter:label1\" content=\"\u00c9crit par\" \/>\n\t<meta name=\"twitter:data1\" content=\"Guede\" \/>\n\t<meta name=\"twitter:label2\" content=\"Dur\u00e9e de lecture estim\u00e9e\" \/>\n\t<meta name=\"twitter:data2\" content=\"1 minute\" \/>\n<script type=\"application\/ld+json\" class=\"yoast-schema-graph\">{\"@context\":\"https:\\\/\\\/schema.org\",\"@graph\":[{\"@type\":\"Article\",\"@id\":\"https:\\\/\\\/www.mirabel-aux-baronnies.fr\\\/s2\\\/2025\\\/08\\\/22\\\/nouveaux-espaces-anti-tabac-a-mirabel-aux-baronnies\\\/#article\",\"isPartOf\":{\"@id\":\"https:\\\/\\\/www.mirabel-aux-baronnies.fr\\\/s2\\\/2025\\\/08\\\/22\\\/nouveaux-espaces-anti-tabac-a-mirabel-aux-baronnies\\\/\"},\"author\":{\"name\":\"Guede\",\"@id\":\"https:\\\/\\\/www.mirabel-aux-baronnies.fr\\\/s2\\\/#\\\/schema\\\/person\\\/761eee9861bfd7099d60668a3f648821\"},\"headline\":\"NOUVEAUX ESPACES ANTI-TABAC \u00c0 MIRABEL-AUX-BARONNIES\",\"datePublished\":\"2025-08-22T14:15:34+00:00\",\"dateModified\":\"2025-08-22T14:15:38+00:00\",\"mainEntityOfPage\":{\"@id\":\"https:\\\/\\\/www.mirabel-aux-baronnies.fr\\\/s2\\\/2025\\\/08\\\/22\\\/nouveaux-espaces-anti-tabac-a-mirabel-aux-baronnies\\\/\"},\"wordCount\":149,\"publisher\":{\"@id\":\"https:\\\/\\\/www.mirabel-aux-baronnies.fr\\\/s2\\\/#organization\"},\"image\":{\"@id\":\"https:\\\/\\\/www.mirabel-aux-baronnies.fr\\\/s2\\\/2025\\\/08\\\/22\\\/nouveaux-espaces-anti-tabac-a-mirabel-aux-baronnies\\\/#primaryimage\"},\"thumbnailUrl\":\"https:\\\/\\\/www.mirabel-aux-baronnies.fr\\\/s2\\\/wp-content\\\/uploads\\\/2025\\\/08\\\/Capture-decran-2025-08-19-153552.png\",\"articleSection\":[\"Actualit\u00e9s\"],\"inLanguage\":\"fr-FR\"},{\"@type\":\"WebPage\",\"@id\":\"https:\\\/\\\/www.mirabel-aux-baronnies.fr\\\/s2\\\/2025\\\/08\\\/22\\\/nouveaux-espaces-anti-tabac-a-mirabel-aux-baronnies\\\/\",\"url\":\"https:\\\/\\\/www.mirabel-aux-baronnies.fr\\\/s2\\\/2025\\\/08\\\/22\\\/nouveaux-espaces-anti-tabac-a-mirabel-aux-baronnies\\\/\",\"name\":\"NOUVEAUX ESPACES ANTI-TABAC \u00c0 MIRABEL-AUX-BARONNIES - Mirabel aux Baronnies\",\"isPartOf\":{\"@id\":\"https:\\\/\\\/www.mirabel-aux-baronnies.fr\\\/s2\\\/#website\"},\"primaryImageOfPage\":{\"@id\":\"https:\\\/\\\/www.mirabel-aux-baronnies.fr\\\/s2\\\/2025\\\/08\\\/22\\\/nouveaux-espaces-anti-tabac-a-mirabel-aux-baronnies\\\/#primaryimage\"},\"image\":{\"@id\":\"https:\\\/\\\/www.mirabel-aux-baronnies.fr\\\/s2\\\/2025\\\/08\\\/22\\\/nouveaux-espaces-anti-tabac-a-mirabel-aux-baronnies\\\/#primaryimage\"},\"thumbnailUrl\":\"https:\\\/\\\/www.mirabel-aux-baronnies.fr\\\/s2\\\/wp-content\\\/uploads\\\/2025\\\/08\\\/Capture-decran-2025-08-19-153552.png\",\"datePublished\":\"2025-08-22T14:15:34+00:00\",\"dateModified\":\"2025-08-22T14:15:38+00:00\",\"inLanguage\":\"fr-FR\",\"potentialAction\":[{\"@type\":\"ReadAction\",\"target\":[\"https:\\\/\\\/www.mirabel-aux-baronnies.fr\\\/s2\\\/2025\\\/08\\\/22\\\/nouveaux-espaces-anti-tabac-a-mirabel-aux-baronnies\\\/\"]}]},{\"@type\":\"ImageObject\",\"inLanguage\":\"fr-FR\",\"@id\":\"https:\\\/\\\/www.mirabel-aux-baronnies.fr\\\/s2\\\/2025\\\/08\\\/22\\\/nouveaux-espaces-anti-tabac-a-mirabel-aux-baronnies\\\/#primaryimage\",\"url\":\"https:\\\/\\\/www.mirabel-aux-baronnies.fr\\\/s2\\\/wp-content\\\/uploads\\\/2025\\\/08\\\/Capture-decran-2025-08-19-153552.png\",\"contentUrl\":\"https:\\\/\\\/www.mirabel-aux-baronnies.fr\\\/s2\\\/wp-content\\\/uploads\\\/2025\\\/08\\\/Capture-decran-2025-08-19-153552.png\",\"width\":468,\"height\":664},{\"@type\":\"WebSite\",\"@id\":\"https:\\\/\\\/www.mirabel-aux-baronnies.fr\\\/s2\\\/#website\",\"url\":\"https:\\\/\\\/www.mirabel-aux-baronnies.fr\\\/s2\\\/\",\"name\":\"Mirabel aux Baronnies\",\"description\":\"Site officiel de la mairie de Mirabel-aux-Baronnies\",\"publisher\":{\"@id\":\"https:\\\/\\\/www.mirabel-aux-baronnies.fr\\\/s2\\\/#organization\"},\"alternateName\":\"Mirabel-aux-Baronnies\",\"potentialAction\":[{\"@type\":\"SearchAction\",\"target\":{\"@type\":\"EntryPoint\",\"urlTemplate\":\"https:\\\/\\\/www.mirabel-aux-baronnies.fr\\\/s2\\\/?s={search_term_string}\"},\"query-input\":{\"@type\":\"PropertyValueSpecification\",\"valueRequired\":true,\"valueName\":\"search_term_string\"}}],\"inLanguage\":\"fr-FR\"},{\"@type\":\"Organization\",\"@id\":\"https:\\\/\\\/www.mirabel-aux-baronnies.fr\\\/s2\\\/#organization\",\"name\":\"Mirabel aux Baronnies\",\"alternateName\":\"Mirabel-aux-Baronnies\",\"url\":\"https:\\\/\\\/www.mirabel-aux-baronnies.fr\\\/s2\\\/\",\"logo\":{\"@type\":\"ImageObject\",\"inLanguage\":\"fr-FR\",\"@id\":\"https:\\\/\\\/www.mirabel-aux-baronnies.fr\\\/s2\\\/#\\\/schema\\\/logo\\\/image\\\/\",\"url\":\"https:\\\/\\\/www.mirabel-aux-baronnies.fr\\\/s2\\\/wp-content\\\/uploads\\\/2024\\\/01\\\/mirabel11.jpg\",\"contentUrl\":\"https:\\\/\\\/www.mirabel-aux-baronnies.fr\\\/s2\\\/wp-content\\\/uploads\\\/2024\\\/01\\\/mirabel11.jpg\",\"width\":610,\"height\":374,\"caption\":\"Mirabel aux Baronnies\"},\"image\":{\"@id\":\"https:\\\/\\\/www.mirabel-aux-baronnies.fr\\\/s2\\\/#\\\/schema\\\/logo\\\/image\\\/\"},\"sameAs\":[\"https:\\\/\\\/www.facebook.com\\\/mairiedemirabelauxbaronnies\\\/\"]},{\"@type\":\"Person\",\"@id\":\"https:\\\/\\\/www.mirabel-aux-baronnies.fr\\\/s2\\\/#\\\/schema\\\/person\\\/761eee9861bfd7099d60668a3f648821\",\"name\":\"Guede\",\"image\":{\"@type\":\"ImageObject\",\"inLanguage\":\"fr-FR\",\"@id\":\"https:\\\/\\\/secure.gravatar.com\\\/avatar\\\/410dbe0902c3cabb2c3e2c629b4671485bd375abd5167006d68b5836f8fdfdc9?s=96&d=identicon&r=g\",\"url\":\"https:\\\/\\\/secure.gravatar.com\\\/avatar\\\/410dbe0902c3cabb2c3e2c629b4671485bd375abd5167006d68b5836f8fdfdc9?s=96&d=identicon&r=g\",\"contentUrl\":\"https:\\\/\\\/secure.gravatar.com\\\/avatar\\\/410dbe0902c3cabb2c3e2c629b4671485bd375abd5167006d68b5836f8fdfdc9?s=96&d=identicon&r=g\",\"caption\":\"Guede\"}}]}<\/script>\n<!-- \/ Yoast SEO plugin. -->","yoast_head_json":{"title":"NOUVEAUX ESPACES ANTI-TABAC \u00c0 MIRABEL-AUX-BARONNIES - Mirabel aux Baronnies","robots":{"index":"noindex","follow":"follow"},"og_locale":"fr_FR","og_type":"article","og_title":"NOUVEAUX ESPACES ANTI-TABAC \u00c0 MIRABEL-AUX-BARONNIES - Mirabel aux Baronnies","og_description":"Chers mirabelais et mirabelaises et amis visiteurs, Comme vous avez pu en entendre parler, la nouvelle r\u00e9glementation nationale \u00e9dict\u00e9e par le Gouvernement (d\u00e9cret 2025-582 du 27 juin 2025) portant sur les nouveaux \u00ab\u00a0espaces anti-tabac\u00a0\u00bb est d\u00e9sormais applicable sur l&rsquo;ensemble du territoire national et donc communal. En effet, un certains nombre d&rsquo;espaces publics de Mirabel-aux-Baronnies sont [&hellip;]","og_url":"https:\/\/www.mirabel-aux-baronnies.fr\/s2\/2025\/08\/22\/nouveaux-espaces-anti-tabac-a-mirabel-aux-baronnies\/","og_site_name":"Mirabel aux Baronnies","article_publisher":"https:\/\/www.facebook.com\/mairiedemirabelauxbaronnies\/","article_published_time":"2025-08-22T14:15:34+00:00","article_modified_time":"2025-08-22T14:15:38+00:00","og_image":[{"width":468,"height":664,"url":"https:\/\/www.mirabel-aux-baronnies.fr\/s2\/wp-content\/uploads\/2025\/08\/Capture-decran-2025-08-19-153552.png","type":"image\/png"}],"author":"Guede","twitter_card":"summary_large_image","twitter_misc":{"\u00c9crit par":"Guede","Dur\u00e9e de lecture estim\u00e9e":"1 minute"},"schema":{"@context":"https:\/\/schema.org","@graph":[{"@type":"Article","@id":"https:\/\/www.mirabel-aux-baronnies.fr\/s2\/2025\/08\/22\/nouveaux-espaces-anti-tabac-a-mirabel-aux-baronnies\/#article","isPartOf":{"@id":"https:\/\/www.mirabel-aux-baronnies.fr\/s2\/2025\/08\/22\/nouveaux-espaces-anti-tabac-a-mirabel-aux-baronnies\/"},"author":{"name":"Guede","@id":"https:\/\/www.mirabel-aux-baronnies.fr\/s2\/#\/schema\/person\/761eee9861bfd7099d60668a3f648821"},"headline":"NOUVEAUX ESPACES ANTI-TABAC \u00c0 MIRABEL-AUX-BARONNIES","datePublished":"2025-08-22T14:15:34+00:00","dateModified":"2025-08-22T14:15:38+00:00","mainEntityOfPage":{"@id":"https:\/\/www.mirabel-aux-baronnies.fr\/s2\/2025\/08\/22\/nouveaux-espaces-anti-tabac-a-mirabel-aux-baronnies\/"},"wordCount":149,"publisher":{"@id":"https:\/\/www.mirabel-aux-baronnies.fr\/s2\/#organization"},"image":{"@id":"https:\/\/www.mirabel-aux-baronnies.fr\/s2\/2025\/08\/22\/nouveaux-espaces-anti-tabac-a-mirabel-aux-baronnies\/#primaryimage"},"thumbnailUrl":"https:\/\/www.mirabel-aux-baronnies.fr\/s2\/wp-content\/uploads\/2025\/08\/Capture-decran-2025-08-19-153552.png","articleSection":["Actualit\u00e9s"],"inLanguage":"fr-FR"},{"@type":"WebPage","@id":"https:\/\/www.mirabel-aux-baronnies.fr\/s2\/2025\/08\/22\/nouveaux-espaces-anti-tabac-a-mirabel-aux-baronnies\/","url":"https:\/\/www.mirabel-aux-baronnies.fr\/s2\/2025\/08\/22\/nouveaux-espaces-anti-tabac-a-mirabel-aux-baronnies\/","name":"NOUVEAUX ESPACES ANTI-TABAC \u00c0 MIRABEL-AUX-BARONNIES - Mirabel aux Baronnies","isPartOf":{"@id":"https:\/\/www.mirabel-aux-baronnies.fr\/s2\/#website"},"primaryImageOfPage":{"@id":"https:\/\/www.mirabel-aux-baronnies.fr\/s2\/2025\/08\/22\/nouveaux-espaces-anti-tabac-a-mirabel-aux-baronnies\/#primaryimage"},"image":{"@id":"https:\/\/www.mirabel-aux-baronnies.fr\/s2\/2025\/08\/22\/nouveaux-espaces-anti-tabac-a-mirabel-aux-baronnies\/#primaryimage"},"thumbnailUrl":"https:\/\/www.mirabel-aux-baronnies.fr\/s2\/wp-content\/uploads\/2025\/08\/Capture-decran-2025-08-19-153552.png","datePublished":"2025-08-22T14:15:34+00:00","dateModified":"2025-08-22T14:15:38+00:00","inLanguage":"fr-FR","potentialAction":[{"@type":"ReadAction","target":["https:\/\/www.mirabel-aux-baronnies.fr\/s2\/2025\/08\/22\/nouveaux-espaces-anti-tabac-a-mirabel-aux-baronnies\/"]}]},{"@type":"ImageObject","inLanguage":"fr-FR","@id":"https:\/\/www.mirabel-aux-baronnies.fr\/s2\/2025\/08\/22\/nouveaux-espaces-anti-tabac-a-mirabel-aux-baronnies\/#primaryimage","url":"https:\/\/www.mirabel-aux-baronnies.fr\/s2\/wp-content\/uploads\/2025\/08\/Capture-decran-2025-08-19-153552.png","contentUrl":"https:\/\/www.mirabel-aux-baronnies.fr\/s2\/wp-content\/uploads\/2025\/08\/Capture-decran-2025-08-19-153552.png","width":468,"height":664},{"@type":"WebSite","@id":"https:\/\/www.mirabel-aux-baronnies.fr\/s2\/#website","url":"https:\/\/www.mirabel-aux-baronnies.fr\/s2\/","name":"Mirabel aux Baronnies","description":"Site officiel de la mairie de Mirabel-aux-Baronnies","publisher":{"@id":"https:\/\/www.mirabel-aux-baronnies.fr\/s2\/#organization"},"alternateName":"Mirabel-aux-Baronnies","potentialAction":[{"@type":"SearchAction","target":{"@type":"EntryPoint","urlTemplate":"https:\/\/www.mirabel-aux-baronnies.fr\/s2\/?s={search_term_string}"},"query-input":{"@type":"PropertyValueSpecification","valueRequired":true,"valueName":"search_term_string"}}],"inLanguage":"fr-FR"},{"@type":"Organization","@id":"https:\/\/www.mirabel-aux-baronnies.fr\/s2\/#organization","name":"Mirabel aux Baronnies","alternateName":"Mirabel-aux-Baronnies","url":"https:\/\/www.mirabel-aux-baronnies.fr\/s2\/","logo":{"@type":"ImageObject","inLanguage":"fr-FR","@id":"https:\/\/www.mirabel-aux-baronnies.fr\/s2\/#\/schema\/logo\/image\/","url":"https:\/\/www.mirabel-aux-baronnies.fr\/s2\/wp-content\/uploads\/2024\/01\/mirabel11.jpg","contentUrl":"https:\/\/www.mirabel-aux-baronnies.fr\/s2\/wp-content\/uploads\/2024\/01\/mirabel11.jpg","width":610,"height":374,"caption":"Mirabel aux Baronnies"},"image":{"@id":"https:\/\/www.mirabel-aux-baronnies.fr\/s2\/#\/schema\/logo\/image\/"},"sameAs":["https:\/\/www.facebook.com\/mairiedemirabelauxbaronnies\/"]},{"@type":"Person","@id":"https:\/\/www.mirabel-aux-baronnies.fr\/s2\/#\/schema\/person\/761eee9861bfd7099d60668a3f648821","name":"Guede","image":{"@type":"ImageObject","inLanguage":"fr-FR","@id":"https:\/\/secure.gravatar.com\/avatar\/410dbe0902c3cabb2c3e2c629b4671485bd375abd5167006d68b5836f8fdfdc9?s=96&d=identicon&r=g","url":"https:\/\/secure.gravatar.com\/avatar\/410dbe0902c3cabb2c3e2c629b4671485bd375abd5167006d68b5836f8fdfdc9?s=96&d=identicon&r=g","contentUrl":"https:\/\/secure.gravatar.com\/avatar\/410dbe0902c3cabb2c3e2c629b4671485bd375abd5167006d68b5836f8fdfdc9?s=96&d=identicon&r=g","caption":"Guede"}}]}},"publishpress_future_action":{"enabled":false,"date":"2026-05-07 23:22:14","action":"change-status","newStatus":"draft","terms":[],"taxonomy":"category","extraData":[]},"publishpress_future_workflow_manual_trigger":{"enabledWorkflows":[]},"rttpg_featured_image_url":{"full":["https:\/\/www.mirabel-aux-baronnies.fr\/s2\/wp-content\/uploads\/2025\/08\/Capture-decran-2025-08-19-153552.png",468,664,false],"landscape":["https:\/\/www.mirabel-aux-baronnies.fr\/s2\/wp-content\/uploads\/2025\/08\/Capture-decran-2025-08-19-153552.png",468,664,false],"portraits":["https:\/\/www.mirabel-aux-baronnies.fr\/s2\/wp-content\/uploads\/2025\/08\/Capture-decran-2025-08-19-153552.png",468,664,false],"thumbnail":["https:\/\/www.mirabel-aux-baronnies.fr\/s2\/wp-content\/uploads\/2025\/08\/Capture-decran-2025-08-19-153552-150x150.png",150,150,true],"medium":["https:\/\/www.mirabel-aux-baronnies.fr\/s2\/wp-content\/uploads\/2025\/08\/Capture-decran-2025-08-19-153552-300x300.png",300,300,true],"large":["https:\/\/www.mirabel-aux-baronnies.fr\/s2\/wp-content\/uploads\/2025\/08\/Capture-decran-2025-08-19-153552.png",468,664,false],"1536x1536":["https:\/\/www.mirabel-aux-baronnies.fr\/s2\/wp-content\/uploads\/2025\/08\/Capture-decran-2025-08-19-153552.png",468,664,false],"2048x2048":["https:\/\/www.mirabel-aux-baronnies.fr\/s2\/wp-content\/uploads\/2025\/08\/Capture-decran-2025-08-19-153552.png",468,664,false],"post-thumbnail":["https:\/\/www.mirabel-aux-baronnies.fr\/s2\/wp-content\/uploads\/2025\/08\/Capture-decran-2025-08-19-153552-280x180.png",280,180,true],"psacp-medium":["https:\/\/www.mirabel-aux-baronnies.fr\/s2\/wp-content\/uploads\/2025\/08\/Capture-decran-2025-08-19-153552.png",352,500,false]},"rttpg_author":{"display_name":"Guede","author_link":"https:\/\/www.mirabel-aux-baronnies.fr\/s2\/author\/guede496\/"},"rttpg_comment":0,"rttpg_category":"<a href=\"https:\/\/www.mirabel-aux-baronnies.fr\/s2\/category\/actualites\/\" rel=\"category tag\">Actualit\u00e9s<\/a>","rttpg_excerpt":"Chers mirabelais et mirabelaises et amis visiteurs, Comme vous avez pu en entendre parler, la nouvelle r\u00e9glementation nationale \u00e9dict\u00e9e par le Gouvernement (d\u00e9cret 2025-582 du 27 juin 2025) portant sur les nouveaux \u00ab\u00a0espaces anti-tabac\u00a0\u00bb est d\u00e9sormais applicable sur l&rsquo;ensemble du territoire national et donc communal. En effet, un certains nombre d&rsquo;espaces publics de Mirabel-aux-Baronnies sont\u2026","_links":{"self":[{"href":"https:\/\/www.mirabel-aux-baronnies.fr\/s2\/wp-json\/wp\/v2\/posts\/7638","targetHints":{"allow":["GET"]}}],"collection":[{"href":"https:\/\/www.mirabel-aux-baronnies.fr\/s2\/wp-json\/wp\/v2\/posts"}],"about":[{"href":"https:\/\/www.mirabel-aux-baronnies.fr\/s2\/wp-json\/wp\/v2\/types\/post"}],"author":[{"embeddable":true,"href":"https:\/\/www.mirabel-aux-baronnies.fr\/s2\/wp-json\/wp\/v2\/users\/10"}],"replies":[{"embeddable":true,"href":"https:\/\/www.mirabel-aux-baronnies.fr\/s2\/wp-json\/wp\/v2\/comments?post=7638"}],"version-history":[{"count":1,"href":"https:\/\/www.mirabel-aux-baronnies.fr\/s2\/wp-json\/wp\/v2\/posts\/7638\/revisions"}],"predecessor-version":[{"id":7641,"href":"https:\/\/www.mirabel-aux-baronnies.fr\/s2\/wp-json\/wp\/v2\/posts\/7638\/revisions\/7641"}],"wp:featuredmedia":[{"embeddable":true,"href":"https:\/\/www.mirabel-aux-baronnies.fr\/s2\/wp-json\/wp\/v2\/media\/7640"}],"wp:attachment":[{"href":"https:\/\/www.mirabel-aux-baronnies.fr\/s2\/wp-json\/wp\/v2\/media?parent=7638"}],"wp:term":[{"taxonomy":"category","embeddable":true,"href":"https:\/\/www.mirabel-aux-baronnies.fr\/s2\/wp-json\/wp\/v2\/categories?post=7638"},{"taxonomy":"post_tag","embeddable":true,"href":"https:\/\/www.mirabel-aux-baronnies.fr\/s2\/wp-json\/wp\/v2\/tags?post=7638"}],"curies":[{"name":"wp","href":"https:\/\/api.w.org\/{rel}","templated":true}]}}