{"id":7963,"date":"2026-04-22T08:53:04","date_gmt":"2026-04-22T06:53:04","guid":{"rendered":"https:\/\/www.mirabel-aux-baronnies.fr\/s2\/?p=7963"},"modified":"2026-04-22T08:53:08","modified_gmt":"2026-04-22T06:53:08","slug":"mutuelle-regionale-prochaine-permanence-le-30-06","status":"publish","type":"post","link":"https:\/\/www.mirabel-aux-baronnies.fr\/s2\/2026\/04\/22\/mutuelle-regionale-prochaine-permanence-le-30-06\/","title":{"rendered":"MUTUELLE REGIONALE &#8211; PROCHAINE PERMANENCE LE 30\/06"},"content":{"rendered":"\n<p>Chers&nbsp;administr\u00e9s,<\/p>\n\n\n\n<p>&#8212;<\/p>\n\n\n\n<p>La&nbsp;Mairie&nbsp;de&nbsp;Mirabel-aux-Baronnies&nbsp;vous&nbsp;rappelle&nbsp;son&nbsp;partenariat&nbsp;avec&nbsp;la&nbsp;R\u00e9gion&nbsp;Auvergne-Rh\u00f4ne-Alpes&nbsp;sur&nbsp;son&nbsp;dispositif&nbsp;de&nbsp;la&nbsp;mutuelle&nbsp;r\u00e9gionale&nbsp;(compl\u00e9mentaire&nbsp;sant\u00e9&nbsp;avec&nbsp;couverture&nbsp;sant\u00e9&nbsp;renforc\u00e9e&nbsp;et&nbsp;tarifs&nbsp;attractifs&nbsp;pour&nbsp;tous).<\/p>\n\n\n\n<p>&#8212;<\/p>\n\n\n\n<p>\u00c0&nbsp;ce&nbsp;titre,&nbsp;des&nbsp;permanences&nbsp;en&nbsp;mairie&nbsp;sont&nbsp;pr\u00e9vues&nbsp;afin&nbsp;que&nbsp;celles&nbsp;et&nbsp;ceux&nbsp;qui&nbsp;le&nbsp;souhaitent&nbsp;puissent&nbsp;b\u00e9n\u00e9ficier&nbsp;d&rsquo;un&nbsp;accompagnement&nbsp;personnalis\u00e9e.<\/p>\n\n\n\n<p>&#8212;<\/p>\n\n\n\n<p>Prochaine&nbsp;permanence&nbsp;le&nbsp;30\/06<\/p>\n\n\n\n<p>&#8212;<\/p>\n\n\n\n<p>Plus&nbsp;d&rsquo;informations&nbsp;:&nbsp;https:\/\/www.auvergnerhonealpes.fr\/particuliers\/mamutuelleregion<\/p>\n\n\n\n<figure class=\"wp-block-image size-full\"><img fetchpriority=\"high\" decoding=\"async\" width=\"1121\" height=\"708\" src=\"https:\/\/www.mirabel-aux-baronnies.fr\/s2\/wp-content\/uploads\/2026\/04\/Capture-decran-2026-04-22-084434.png\" alt=\"\" class=\"wp-image-7964\"\/><\/figure>\n\n\n\n<p><\/p>\n","protected":false},"excerpt":{"rendered":"<p>Chers&nbsp;administr\u00e9s, &#8212; La&nbsp;Mairie&nbsp;de&nbsp;Mirabel-aux-Baronnies&nbsp;vous&nbsp;rappelle&nbsp;son&nbsp;partenariat&nbsp;avec&nbsp;la&nbsp;R\u00e9gion&nbsp;Auvergne-Rh\u00f4ne-Alpes&nbsp;sur&nbsp;son&nbsp;dispositif&nbsp;de&nbsp;la&nbsp;mutuelle&nbsp;r\u00e9gionale&nbsp;(compl\u00e9mentaire&nbsp;sant\u00e9&nbsp;avec&nbsp;couverture&nbsp;sant\u00e9&nbsp;renforc\u00e9e&nbsp;et&nbsp;tarifs&nbsp;attractifs&nbsp;pour&nbsp;tous). &#8212; \u00c0&nbsp;ce&nbsp;titre,&nbsp;des&nbsp;permanences&nbsp;en&nbsp;mairie&nbsp;sont&nbsp;pr\u00e9vues&nbsp;afin&nbsp;que&nbsp;celles&nbsp;et&nbsp;ceux&nbsp;qui&nbsp;le&nbsp;souhaitent&nbsp;puissent&nbsp;b\u00e9n\u00e9ficier&nbsp;d&rsquo;un&nbsp;accompagnement&nbsp;personnalis\u00e9e. &#8212; Prochaine&nbsp;permanence&nbsp;le&nbsp;30\/06 &#8212; Plus&nbsp;d&rsquo;informations&nbsp;:&nbsp;https:\/\/www.auvergnerhonealpes.fr\/particuliers\/mamutuelleregion<\/p>\n","protected":false},"author":10,"featured_media":7964,"comment_status":"closed","ping_status":"open","sticky":false,"template":"","format":"standard","meta":{"footnotes":""},"categories":[54],"tags":[],"class_list":["post-7963","post","type-post","status-publish","format-standard","has-post-thumbnail","hentry","category-actualites"],"yoast_head":"<!-- This site is optimized with the Yoast SEO plugin v27.3 - https:\/\/yoast.com\/product\/yoast-seo-wordpress\/ -->\n<title>MUTUELLE REGIONALE - PROCHAINE PERMANENCE LE 30\/06 - Mirabel aux Baronnies<\/title>\n<meta name=\"robots\" content=\"noindex, follow\" \/>\n<meta property=\"og:locale\" content=\"fr_FR\" \/>\n<meta property=\"og:type\" content=\"article\" \/>\n<meta property=\"og:title\" content=\"MUTUELLE REGIONALE - PROCHAINE PERMANENCE LE 30\/06 - Mirabel aux Baronnies\" \/>\n<meta property=\"og:description\" content=\"Chers&nbsp;administr\u00e9s, &#8212; La&nbsp;Mairie&nbsp;de&nbsp;Mirabel-aux-Baronnies&nbsp;vous&nbsp;rappelle&nbsp;son&nbsp;partenariat&nbsp;avec&nbsp;la&nbsp;R\u00e9gion&nbsp;Auvergne-Rh\u00f4ne-Alpes&nbsp;sur&nbsp;son&nbsp;dispositif&nbsp;de&nbsp;la&nbsp;mutuelle&nbsp;r\u00e9gionale&nbsp;(compl\u00e9mentaire&nbsp;sant\u00e9&nbsp;avec&nbsp;couverture&nbsp;sant\u00e9&nbsp;renforc\u00e9e&nbsp;et&nbsp;tarifs&nbsp;attractifs&nbsp;pour&nbsp;tous). &#8212; \u00c0&nbsp;ce&nbsp;titre,&nbsp;des&nbsp;permanences&nbsp;en&nbsp;mairie&nbsp;sont&nbsp;pr\u00e9vues&nbsp;afin&nbsp;que&nbsp;celles&nbsp;et&nbsp;ceux&nbsp;qui&nbsp;le&nbsp;souhaitent&nbsp;puissent&nbsp;b\u00e9n\u00e9ficier&nbsp;d&rsquo;un&nbsp;accompagnement&nbsp;personnalis\u00e9e. &#8212; Prochaine&nbsp;permanence&nbsp;le&nbsp;30\/06 &#8212; Plus&nbsp;d&rsquo;informations&nbsp;:&nbsp;https:\/\/www.auvergnerhonealpes.fr\/particuliers\/mamutuelleregion\" \/>\n<meta property=\"og:url\" content=\"https:\/\/www.mirabel-aux-baronnies.fr\/s2\/2026\/04\/22\/mutuelle-regionale-prochaine-permanence-le-30-06\/\" \/>\n<meta property=\"og:site_name\" content=\"Mirabel aux Baronnies\" \/>\n<meta property=\"article:publisher\" content=\"https:\/\/www.facebook.com\/mairiedemirabelauxbaronnies\/\" \/>\n<meta property=\"article:published_time\" content=\"2026-04-22T06:53:04+00:00\" \/>\n<meta property=\"article:modified_time\" content=\"2026-04-22T06:53:08+00:00\" \/>\n<meta property=\"og:image\" content=\"https:\/\/www.mirabel-aux-baronnies.fr\/s2\/wp-content\/uploads\/2026\/04\/Capture-decran-2026-04-22-084434.png\" \/>\n\t<meta property=\"og:image:width\" content=\"1121\" \/>\n\t<meta property=\"og:image:height\" content=\"708\" \/>\n\t<meta property=\"og:image:type\" content=\"image\/png\" \/>\n<meta name=\"author\" content=\"Guede\" \/>\n<meta name=\"twitter:card\" content=\"summary_large_image\" \/>\n<meta name=\"twitter:label1\" content=\"\u00c9crit par\" \/>\n\t<meta name=\"twitter:data1\" content=\"Guede\" \/>\n\t<meta name=\"twitter:label2\" content=\"Dur\u00e9e de lecture estim\u00e9e\" \/>\n\t<meta name=\"twitter:data2\" content=\"1 minute\" \/>\n<script type=\"application\/ld+json\" class=\"yoast-schema-graph\">{\"@context\":\"https:\\\/\\\/schema.org\",\"@graph\":[{\"@type\":\"Article\",\"@id\":\"https:\\\/\\\/www.mirabel-aux-baronnies.fr\\\/s2\\\/2026\\\/04\\\/22\\\/mutuelle-regionale-prochaine-permanence-le-30-06\\\/#article\",\"isPartOf\":{\"@id\":\"https:\\\/\\\/www.mirabel-aux-baronnies.fr\\\/s2\\\/2026\\\/04\\\/22\\\/mutuelle-regionale-prochaine-permanence-le-30-06\\\/\"},\"author\":{\"name\":\"Guede\",\"@id\":\"https:\\\/\\\/www.mirabel-aux-baronnies.fr\\\/s2\\\/#\\\/schema\\\/person\\\/761eee9861bfd7099d60668a3f648821\"},\"headline\":\"MUTUELLE REGIONALE &#8211; PROCHAINE PERMANENCE LE 30\\\/06\",\"datePublished\":\"2026-04-22T06:53:04+00:00\",\"dateModified\":\"2026-04-22T06:53:08+00:00\",\"mainEntityOfPage\":{\"@id\":\"https:\\\/\\\/www.mirabel-aux-baronnies.fr\\\/s2\\\/2026\\\/04\\\/22\\\/mutuelle-regionale-prochaine-permanence-le-30-06\\\/\"},\"wordCount\":141,\"publisher\":{\"@id\":\"https:\\\/\\\/www.mirabel-aux-baronnies.fr\\\/s2\\\/#organization\"},\"image\":{\"@id\":\"https:\\\/\\\/www.mirabel-aux-baronnies.fr\\\/s2\\\/2026\\\/04\\\/22\\\/mutuelle-regionale-prochaine-permanence-le-30-06\\\/#primaryimage\"},\"thumbnailUrl\":\"https:\\\/\\\/www.mirabel-aux-baronnies.fr\\\/s2\\\/wp-content\\\/uploads\\\/2026\\\/04\\\/Capture-decran-2026-04-22-084434.png\",\"articleSection\":[\"Actualit\u00e9s\"],\"inLanguage\":\"fr-FR\"},{\"@type\":\"WebPage\",\"@id\":\"https:\\\/\\\/www.mirabel-aux-baronnies.fr\\\/s2\\\/2026\\\/04\\\/22\\\/mutuelle-regionale-prochaine-permanence-le-30-06\\\/\",\"url\":\"https:\\\/\\\/www.mirabel-aux-baronnies.fr\\\/s2\\\/2026\\\/04\\\/22\\\/mutuelle-regionale-prochaine-permanence-le-30-06\\\/\",\"name\":\"MUTUELLE REGIONALE - PROCHAINE PERMANENCE LE 30\\\/06 - Mirabel aux Baronnies\",\"isPartOf\":{\"@id\":\"https:\\\/\\\/www.mirabel-aux-baronnies.fr\\\/s2\\\/#website\"},\"primaryImageOfPage\":{\"@id\":\"https:\\\/\\\/www.mirabel-aux-baronnies.fr\\\/s2\\\/2026\\\/04\\\/22\\\/mutuelle-regionale-prochaine-permanence-le-30-06\\\/#primaryimage\"},\"image\":{\"@id\":\"https:\\\/\\\/www.mirabel-aux-baronnies.fr\\\/s2\\\/2026\\\/04\\\/22\\\/mutuelle-regionale-prochaine-permanence-le-30-06\\\/#primaryimage\"},\"thumbnailUrl\":\"https:\\\/\\\/www.mirabel-aux-baronnies.fr\\\/s2\\\/wp-content\\\/uploads\\\/2026\\\/04\\\/Capture-decran-2026-04-22-084434.png\",\"datePublished\":\"2026-04-22T06:53:04+00:00\",\"dateModified\":\"2026-04-22T06:53:08+00:00\",\"inLanguage\":\"fr-FR\",\"potentialAction\":[{\"@type\":\"ReadAction\",\"target\":[\"https:\\\/\\\/www.mirabel-aux-baronnies.fr\\\/s2\\\/2026\\\/04\\\/22\\\/mutuelle-regionale-prochaine-permanence-le-30-06\\\/\"]}]},{\"@type\":\"ImageObject\",\"inLanguage\":\"fr-FR\",\"@id\":\"https:\\\/\\\/www.mirabel-aux-baronnies.fr\\\/s2\\\/2026\\\/04\\\/22\\\/mutuelle-regionale-prochaine-permanence-le-30-06\\\/#primaryimage\",\"url\":\"https:\\\/\\\/www.mirabel-aux-baronnies.fr\\\/s2\\\/wp-content\\\/uploads\\\/2026\\\/04\\\/Capture-decran-2026-04-22-084434.png\",\"contentUrl\":\"https:\\\/\\\/www.mirabel-aux-baronnies.fr\\\/s2\\\/wp-content\\\/uploads\\\/2026\\\/04\\\/Capture-decran-2026-04-22-084434.png\",\"width\":1121,\"height\":708},{\"@type\":\"WebSite\",\"@id\":\"https:\\\/\\\/www.mirabel-aux-baronnies.fr\\\/s2\\\/#website\",\"url\":\"https:\\\/\\\/www.mirabel-aux-baronnies.fr\\\/s2\\\/\",\"name\":\"Mirabel aux Baronnies\",\"description\":\"Site officiel de la mairie de Mirabel-aux-Baronnies\",\"publisher\":{\"@id\":\"https:\\\/\\\/www.mirabel-aux-baronnies.fr\\\/s2\\\/#organization\"},\"alternateName\":\"Mirabel-aux-Baronnies\",\"potentialAction\":[{\"@type\":\"SearchAction\",\"target\":{\"@type\":\"EntryPoint\",\"urlTemplate\":\"https:\\\/\\\/www.mirabel-aux-baronnies.fr\\\/s2\\\/?s={search_term_string}\"},\"query-input\":{\"@type\":\"PropertyValueSpecification\",\"valueRequired\":true,\"valueName\":\"search_term_string\"}}],\"inLanguage\":\"fr-FR\"},{\"@type\":\"Organization\",\"@id\":\"https:\\\/\\\/www.mirabel-aux-baronnies.fr\\\/s2\\\/#organization\",\"name\":\"Mirabel aux Baronnies\",\"alternateName\":\"Mirabel-aux-Baronnies\",\"url\":\"https:\\\/\\\/www.mirabel-aux-baronnies.fr\\\/s2\\\/\",\"logo\":{\"@type\":\"ImageObject\",\"inLanguage\":\"fr-FR\",\"@id\":\"https:\\\/\\\/www.mirabel-aux-baronnies.fr\\\/s2\\\/#\\\/schema\\\/logo\\\/image\\\/\",\"url\":\"https:\\\/\\\/www.mirabel-aux-baronnies.fr\\\/s2\\\/wp-content\\\/uploads\\\/2024\\\/01\\\/mirabel11.jpg\",\"contentUrl\":\"https:\\\/\\\/www.mirabel-aux-baronnies.fr\\\/s2\\\/wp-content\\\/uploads\\\/2024\\\/01\\\/mirabel11.jpg\",\"width\":610,\"height\":374,\"caption\":\"Mirabel aux Baronnies\"},\"image\":{\"@id\":\"https:\\\/\\\/www.mirabel-aux-baronnies.fr\\\/s2\\\/#\\\/schema\\\/logo\\\/image\\\/\"},\"sameAs\":[\"https:\\\/\\\/www.facebook.com\\\/mairiedemirabelauxbaronnies\\\/\"]},{\"@type\":\"Person\",\"@id\":\"https:\\\/\\\/www.mirabel-aux-baronnies.fr\\\/s2\\\/#\\\/schema\\\/person\\\/761eee9861bfd7099d60668a3f648821\",\"name\":\"Guede\",\"image\":{\"@type\":\"ImageObject\",\"inLanguage\":\"fr-FR\",\"@id\":\"https:\\\/\\\/secure.gravatar.com\\\/avatar\\\/410dbe0902c3cabb2c3e2c629b4671485bd375abd5167006d68b5836f8fdfdc9?s=96&d=identicon&r=g\",\"url\":\"https:\\\/\\\/secure.gravatar.com\\\/avatar\\\/410dbe0902c3cabb2c3e2c629b4671485bd375abd5167006d68b5836f8fdfdc9?s=96&d=identicon&r=g\",\"contentUrl\":\"https:\\\/\\\/secure.gravatar.com\\\/avatar\\\/410dbe0902c3cabb2c3e2c629b4671485bd375abd5167006d68b5836f8fdfdc9?s=96&d=identicon&r=g\",\"caption\":\"Guede\"}}]}<\/script>\n<!-- \/ Yoast SEO plugin. -->","yoast_head_json":{"title":"MUTUELLE REGIONALE - PROCHAINE PERMANENCE LE 30\/06 - Mirabel aux Baronnies","robots":{"index":"noindex","follow":"follow"},"og_locale":"fr_FR","og_type":"article","og_title":"MUTUELLE REGIONALE - PROCHAINE PERMANENCE LE 30\/06 - Mirabel aux Baronnies","og_description":"Chers&nbsp;administr\u00e9s, &#8212; La&nbsp;Mairie&nbsp;de&nbsp;Mirabel-aux-Baronnies&nbsp;vous&nbsp;rappelle&nbsp;son&nbsp;partenariat&nbsp;avec&nbsp;la&nbsp;R\u00e9gion&nbsp;Auvergne-Rh\u00f4ne-Alpes&nbsp;sur&nbsp;son&nbsp;dispositif&nbsp;de&nbsp;la&nbsp;mutuelle&nbsp;r\u00e9gionale&nbsp;(compl\u00e9mentaire&nbsp;sant\u00e9&nbsp;avec&nbsp;couverture&nbsp;sant\u00e9&nbsp;renforc\u00e9e&nbsp;et&nbsp;tarifs&nbsp;attractifs&nbsp;pour&nbsp;tous). &#8212; \u00c0&nbsp;ce&nbsp;titre,&nbsp;des&nbsp;permanences&nbsp;en&nbsp;mairie&nbsp;sont&nbsp;pr\u00e9vues&nbsp;afin&nbsp;que&nbsp;celles&nbsp;et&nbsp;ceux&nbsp;qui&nbsp;le&nbsp;souhaitent&nbsp;puissent&nbsp;b\u00e9n\u00e9ficier&nbsp;d&rsquo;un&nbsp;accompagnement&nbsp;personnalis\u00e9e. &#8212; Prochaine&nbsp;permanence&nbsp;le&nbsp;30\/06 &#8212; Plus&nbsp;d&rsquo;informations&nbsp;:&nbsp;https:\/\/www.auvergnerhonealpes.fr\/particuliers\/mamutuelleregion","og_url":"https:\/\/www.mirabel-aux-baronnies.fr\/s2\/2026\/04\/22\/mutuelle-regionale-prochaine-permanence-le-30-06\/","og_site_name":"Mirabel aux Baronnies","article_publisher":"https:\/\/www.facebook.com\/mairiedemirabelauxbaronnies\/","article_published_time":"2026-04-22T06:53:04+00:00","article_modified_time":"2026-04-22T06:53:08+00:00","og_image":[{"width":1121,"height":708,"url":"https:\/\/www.mirabel-aux-baronnies.fr\/s2\/wp-content\/uploads\/2026\/04\/Capture-decran-2026-04-22-084434.png","type":"image\/png"}],"author":"Guede","twitter_card":"summary_large_image","twitter_misc":{"\u00c9crit par":"Guede","Dur\u00e9e de lecture estim\u00e9e":"1 minute"},"schema":{"@context":"https:\/\/schema.org","@graph":[{"@type":"Article","@id":"https:\/\/www.mirabel-aux-baronnies.fr\/s2\/2026\/04\/22\/mutuelle-regionale-prochaine-permanence-le-30-06\/#article","isPartOf":{"@id":"https:\/\/www.mirabel-aux-baronnies.fr\/s2\/2026\/04\/22\/mutuelle-regionale-prochaine-permanence-le-30-06\/"},"author":{"name":"Guede","@id":"https:\/\/www.mirabel-aux-baronnies.fr\/s2\/#\/schema\/person\/761eee9861bfd7099d60668a3f648821"},"headline":"MUTUELLE REGIONALE &#8211; PROCHAINE PERMANENCE LE 30\/06","datePublished":"2026-04-22T06:53:04+00:00","dateModified":"2026-04-22T06:53:08+00:00","mainEntityOfPage":{"@id":"https:\/\/www.mirabel-aux-baronnies.fr\/s2\/2026\/04\/22\/mutuelle-regionale-prochaine-permanence-le-30-06\/"},"wordCount":141,"publisher":{"@id":"https:\/\/www.mirabel-aux-baronnies.fr\/s2\/#organization"},"image":{"@id":"https:\/\/www.mirabel-aux-baronnies.fr\/s2\/2026\/04\/22\/mutuelle-regionale-prochaine-permanence-le-30-06\/#primaryimage"},"thumbnailUrl":"https:\/\/www.mirabel-aux-baronnies.fr\/s2\/wp-content\/uploads\/2026\/04\/Capture-decran-2026-04-22-084434.png","articleSection":["Actualit\u00e9s"],"inLanguage":"fr-FR"},{"@type":"WebPage","@id":"https:\/\/www.mirabel-aux-baronnies.fr\/s2\/2026\/04\/22\/mutuelle-regionale-prochaine-permanence-le-30-06\/","url":"https:\/\/www.mirabel-aux-baronnies.fr\/s2\/2026\/04\/22\/mutuelle-regionale-prochaine-permanence-le-30-06\/","name":"MUTUELLE REGIONALE - PROCHAINE PERMANENCE LE 30\/06 - Mirabel aux Baronnies","isPartOf":{"@id":"https:\/\/www.mirabel-aux-baronnies.fr\/s2\/#website"},"primaryImageOfPage":{"@id":"https:\/\/www.mirabel-aux-baronnies.fr\/s2\/2026\/04\/22\/mutuelle-regionale-prochaine-permanence-le-30-06\/#primaryimage"},"image":{"@id":"https:\/\/www.mirabel-aux-baronnies.fr\/s2\/2026\/04\/22\/mutuelle-regionale-prochaine-permanence-le-30-06\/#primaryimage"},"thumbnailUrl":"https:\/\/www.mirabel-aux-baronnies.fr\/s2\/wp-content\/uploads\/2026\/04\/Capture-decran-2026-04-22-084434.png","datePublished":"2026-04-22T06:53:04+00:00","dateModified":"2026-04-22T06:53:08+00:00","inLanguage":"fr-FR","potentialAction":[{"@type":"ReadAction","target":["https:\/\/www.mirabel-aux-baronnies.fr\/s2\/2026\/04\/22\/mutuelle-regionale-prochaine-permanence-le-30-06\/"]}]},{"@type":"ImageObject","inLanguage":"fr-FR","@id":"https:\/\/www.mirabel-aux-baronnies.fr\/s2\/2026\/04\/22\/mutuelle-regionale-prochaine-permanence-le-30-06\/#primaryimage","url":"https:\/\/www.mirabel-aux-baronnies.fr\/s2\/wp-content\/uploads\/2026\/04\/Capture-decran-2026-04-22-084434.png","contentUrl":"https:\/\/www.mirabel-aux-baronnies.fr\/s2\/wp-content\/uploads\/2026\/04\/Capture-decran-2026-04-22-084434.png","width":1121,"height":708},{"@type":"WebSite","@id":"https:\/\/www.mirabel-aux-baronnies.fr\/s2\/#website","url":"https:\/\/www.mirabel-aux-baronnies.fr\/s2\/","name":"Mirabel aux Baronnies","description":"Site officiel de la mairie de Mirabel-aux-Baronnies","publisher":{"@id":"https:\/\/www.mirabel-aux-baronnies.fr\/s2\/#organization"},"alternateName":"Mirabel-aux-Baronnies","potentialAction":[{"@type":"SearchAction","target":{"@type":"EntryPoint","urlTemplate":"https:\/\/www.mirabel-aux-baronnies.fr\/s2\/?s={search_term_string}"},"query-input":{"@type":"PropertyValueSpecification","valueRequired":true,"valueName":"search_term_string"}}],"inLanguage":"fr-FR"},{"@type":"Organization","@id":"https:\/\/www.mirabel-aux-baronnies.fr\/s2\/#organization","name":"Mirabel aux Baronnies","alternateName":"Mirabel-aux-Baronnies","url":"https:\/\/www.mirabel-aux-baronnies.fr\/s2\/","logo":{"@type":"ImageObject","inLanguage":"fr-FR","@id":"https:\/\/www.mirabel-aux-baronnies.fr\/s2\/#\/schema\/logo\/image\/","url":"https:\/\/www.mirabel-aux-baronnies.fr\/s2\/wp-content\/uploads\/2024\/01\/mirabel11.jpg","contentUrl":"https:\/\/www.mirabel-aux-baronnies.fr\/s2\/wp-content\/uploads\/2024\/01\/mirabel11.jpg","width":610,"height":374,"caption":"Mirabel aux Baronnies"},"image":{"@id":"https:\/\/www.mirabel-aux-baronnies.fr\/s2\/#\/schema\/logo\/image\/"},"sameAs":["https:\/\/www.facebook.com\/mairiedemirabelauxbaronnies\/"]},{"@type":"Person","@id":"https:\/\/www.mirabel-aux-baronnies.fr\/s2\/#\/schema\/person\/761eee9861bfd7099d60668a3f648821","name":"Guede","image":{"@type":"ImageObject","inLanguage":"fr-FR","@id":"https:\/\/secure.gravatar.com\/avatar\/410dbe0902c3cabb2c3e2c629b4671485bd375abd5167006d68b5836f8fdfdc9?s=96&d=identicon&r=g","url":"https:\/\/secure.gravatar.com\/avatar\/410dbe0902c3cabb2c3e2c629b4671485bd375abd5167006d68b5836f8fdfdc9?s=96&d=identicon&r=g","contentUrl":"https:\/\/secure.gravatar.com\/avatar\/410dbe0902c3cabb2c3e2c629b4671485bd375abd5167006d68b5836f8fdfdc9?s=96&d=identicon&r=g","caption":"Guede"}}]}},"publishpress_future_action":{"enabled":false,"date":"2026-05-05 15:13:54","action":"change-status","newStatus":"draft","terms":[],"taxonomy":"category","extraData":[]},"publishpress_future_workflow_manual_trigger":{"enabledWorkflows":[]},"rttpg_featured_image_url":{"full":["https:\/\/www.mirabel-aux-baronnies.fr\/s2\/wp-content\/uploads\/2026\/04\/Capture-decran-2026-04-22-084434.png",1121,708,false],"landscape":["https:\/\/www.mirabel-aux-baronnies.fr\/s2\/wp-content\/uploads\/2026\/04\/Capture-decran-2026-04-22-084434.png",1121,708,false],"portraits":["https:\/\/www.mirabel-aux-baronnies.fr\/s2\/wp-content\/uploads\/2026\/04\/Capture-decran-2026-04-22-084434.png",1121,708,false],"thumbnail":["https:\/\/www.mirabel-aux-baronnies.fr\/s2\/wp-content\/uploads\/2026\/04\/Capture-decran-2026-04-22-084434-150x150.png",150,150,true],"medium":["https:\/\/www.mirabel-aux-baronnies.fr\/s2\/wp-content\/uploads\/2026\/04\/Capture-decran-2026-04-22-084434-300x300.png",300,300,true],"large":["https:\/\/www.mirabel-aux-baronnies.fr\/s2\/wp-content\/uploads\/2026\/04\/Capture-decran-2026-04-22-084434-1024x708.png",1024,708,true],"1536x1536":["https:\/\/www.mirabel-aux-baronnies.fr\/s2\/wp-content\/uploads\/2026\/04\/Capture-decran-2026-04-22-084434.png",1121,708,false],"2048x2048":["https:\/\/www.mirabel-aux-baronnies.fr\/s2\/wp-content\/uploads\/2026\/04\/Capture-decran-2026-04-22-084434.png",1121,708,false],"post-thumbnail":["https:\/\/www.mirabel-aux-baronnies.fr\/s2\/wp-content\/uploads\/2026\/04\/Capture-decran-2026-04-22-084434-280x180.png",280,180,true],"psacp-medium":["https:\/\/www.mirabel-aux-baronnies.fr\/s2\/wp-content\/uploads\/2026\/04\/Capture-decran-2026-04-22-084434-500x500.png",500,500,true]},"rttpg_author":{"display_name":"Guede","author_link":"https:\/\/www.mirabel-aux-baronnies.fr\/s2\/author\/guede496\/"},"rttpg_comment":0,"rttpg_category":"<a href=\"https:\/\/www.mirabel-aux-baronnies.fr\/s2\/category\/actualites\/\" rel=\"category tag\">Actualit\u00e9s<\/a>","rttpg_excerpt":"Chers&nbsp;administr\u00e9s, &#8212; La&nbsp;Mairie&nbsp;de&nbsp;Mirabel-aux-Baronnies&nbsp;vous&nbsp;rappelle&nbsp;son&nbsp;partenariat&nbsp;avec&nbsp;la&nbsp;R\u00e9gion&nbsp;Auvergne-Rh\u00f4ne-Alpes&nbsp;sur&nbsp;son&nbsp;dispositif&nbsp;de&nbsp;la&nbsp;mutuelle&nbsp;r\u00e9gionale&nbsp;(compl\u00e9mentaire&nbsp;sant\u00e9&nbsp;avec&nbsp;couverture&nbsp;sant\u00e9&nbsp;renforc\u00e9e&nbsp;et&nbsp;tarifs&nbsp;attractifs&nbsp;pour&nbsp;tous). &#8212; \u00c0&nbsp;ce&nbsp;titre,&nbsp;des&nbsp;permanences&nbsp;en&nbsp;mairie&nbsp;sont&nbsp;pr\u00e9vues&nbsp;afin&nbsp;que&nbsp;celles&nbsp;et&nbsp;ceux&nbsp;qui&nbsp;le&nbsp;souhaitent&nbsp;puissent&nbsp;b\u00e9n\u00e9ficier&nbsp;d&rsquo;un&nbsp;accompagnement&nbsp;personnalis\u00e9e. &#8212; Prochaine&nbsp;permanence&nbsp;le&nbsp;30\/06 &#8212; Plus&nbsp;d&rsquo;informations&nbsp;:&nbsp;https:\/\/www.auvergnerhonealpes.fr\/particuliers\/mamutuelleregion","_links":{"self":[{"href":"https:\/\/www.mirabel-aux-baronnies.fr\/s2\/wp-json\/wp\/v2\/posts\/7963","targetHints":{"allow":["GET"]}}],"collection":[{"href":"https:\/\/www.mirabel-aux-baronnies.fr\/s2\/wp-json\/wp\/v2\/posts"}],"about":[{"href":"https:\/\/www.mirabel-aux-baronnies.fr\/s2\/wp-json\/wp\/v2\/types\/post"}],"author":[{"embeddable":true,"href":"https:\/\/www.mirabel-aux-baronnies.fr\/s2\/wp-json\/wp\/v2\/users\/10"}],"replies":[{"embeddable":true,"href":"https:\/\/www.mirabel-aux-baronnies.fr\/s2\/wp-json\/wp\/v2\/comments?post=7963"}],"version-history":[{"count":1,"href":"https:\/\/www.mirabel-aux-baronnies.fr\/s2\/wp-json\/wp\/v2\/posts\/7963\/revisions"}],"predecessor-version":[{"id":7966,"href":"https:\/\/www.mirabel-aux-baronnies.fr\/s2\/wp-json\/wp\/v2\/posts\/7963\/revisions\/7966"}],"wp:featuredmedia":[{"embeddable":true,"href":"https:\/\/www.mirabel-aux-baronnies.fr\/s2\/wp-json\/wp\/v2\/media\/7964"}],"wp:attachment":[{"href":"https:\/\/www.mirabel-aux-baronnies.fr\/s2\/wp-json\/wp\/v2\/media?parent=7963"}],"wp:term":[{"taxonomy":"category","embeddable":true,"href":"https:\/\/www.mirabel-aux-baronnies.fr\/s2\/wp-json\/wp\/v2\/categories?post=7963"},{"taxonomy":"post_tag","embeddable":true,"href":"https:\/\/www.mirabel-aux-baronnies.fr\/s2\/wp-json\/wp\/v2\/tags?post=7963"}],"curies":[{"name":"wp","href":"https:\/\/api.w.org\/{rel}","templated":true}]}}